{"id":618,"date":"2014-03-10T11:46:56","date_gmt":"2014-03-10T10:46:56","guid":{"rendered":"https:\/\/www.tempetedelouest.fr\/blog\/?p=618"},"modified":"2015-04-21T09:43:10","modified_gmt":"2015-04-21T08:43:10","slug":"2-concours-gateau-breton","status":"publish","type":"post","link":"https:\/\/www.tempetedelouest.fr\/blog\/2-concours-gateau-breton\/","title":{"rendered":"2e concours du g\u00e2teau breton  : les r\u00e9sultats"},"content":{"rendered":"<p><center><strong>Notez cet article:<\/strong> <span id=\"post-ratings-618\" class=\"post-ratings\" data-nonce=\"f63255b9f8\"><span class=\"review hreview-aggregate\"><span class=\"rating\"><img decoding=\"async\" id=\"rating_618_1\" src=\"https:\/\/www.tempetedelouest.fr\/blog\/wp-content\/plugins\/wp-postratings\/images\/stars_crystal\/rating_on.gif\" alt=\"1 \u00e9toile\" title=\"1 \u00e9toile\" onmouseover=\"current_rating(618, 1, '1 \u00e9toile');\" onmouseout=\"ratings_off(5, 0, 0);\" onclick=\"rate_post();\" onkeypress=\"rate_post();\" style=\"cursor: pointer; border: 0px;\" \/><img decoding=\"async\" id=\"rating_618_2\" src=\"https:\/\/www.tempetedelouest.fr\/blog\/wp-content\/plugins\/wp-postratings\/images\/stars_crystal\/rating_on.gif\" alt=\"2 \u00e9toiles\" title=\"2 \u00e9toiles\" onmouseover=\"current_rating(618, 2, '2 \u00e9toiles');\" onmouseout=\"ratings_off(5, 0, 0);\" onclick=\"rate_post();\" onkeypress=\"rate_post();\" style=\"cursor: pointer; border: 0px;\" \/><img decoding=\"async\" id=\"rating_618_3\" src=\"https:\/\/www.tempetedelouest.fr\/blog\/wp-content\/plugins\/wp-postratings\/images\/stars_crystal\/rating_on.gif\" alt=\"3 \u00e9toiles\" title=\"3 \u00e9toiles\" onmouseover=\"current_rating(618, 3, '3 \u00e9toiles');\" onmouseout=\"ratings_off(5, 0, 0);\" onclick=\"rate_post();\" onkeypress=\"rate_post();\" style=\"cursor: pointer; border: 0px;\" \/><img decoding=\"async\" id=\"rating_618_4\" src=\"https:\/\/www.tempetedelouest.fr\/blog\/wp-content\/plugins\/wp-postratings\/images\/stars_crystal\/rating_on.gif\" alt=\"4 \u00e9toiles\" title=\"4 \u00e9toiles\" onmouseover=\"current_rating(618, 4, '4 \u00e9toiles');\" onmouseout=\"ratings_off(5, 0, 0);\" onclick=\"rate_post();\" onkeypress=\"rate_post();\" style=\"cursor: pointer; border: 0px;\" \/><img decoding=\"async\" id=\"rating_618_5\" src=\"https:\/\/www.tempetedelouest.fr\/blog\/wp-content\/plugins\/wp-postratings\/images\/stars_crystal\/rating_on.gif\" alt=\"5 \u00e9toiles\" title=\"5 \u00e9toiles\" onmouseover=\"current_rating(618, 5, '5 \u00e9toiles');\" onmouseout=\"ratings_off(5, 0, 0);\" onclick=\"rate_post();\" onkeypress=\"rate_post();\" style=\"cursor: pointer; border: 0px;\" \/> <span class=\"count\">1<\/span>  votes | moyenne: <span class=\"average\">5,00<\/span>  sur 5 <span class=\"post-ratings-text\" id=\"ratings_618_text\"><\/span>\r\n<\/span><\/span><\/span><span id=\"post-ratings-618-loading\" class=\"post-ratings-loading\"><img loading=\"lazy\" decoding=\"async\" src=\"https:\/\/www.tempetedelouest.fr\/blog\/wp-content\/plugins\/wp-postratings\/images\/loading.gif\" width=\"16\" height=\"16\" class=\"post-ratings-image\" \/>Loading...<\/span><\/center>&nbsp;<\/p>\n<figure id=\"attachment_619\" aria-describedby=\"caption-attachment-619\" style=\"width: 591px\" class=\"wp-caption aligncenter\"><a href=\"https:\/\/www.tempetedelouest.fr\/blog\/wp-content\/uploads\/2014\/03\/concours-gateau-breton.jpg\"><img loading=\"lazy\" decoding=\"async\" class=\"size-full wp-image-619\" src=\"https:\/\/www.tempetedelouest.fr\/blog\/wp-content\/uploads\/2014\/03\/concours-gateau-breton.jpg\" alt=\"L'affiche officielle du concours du g\u00e2teau breton\" width=\"591\" height=\"579\" srcset=\"https:\/\/www.tempetedelouest.fr\/blog\/wp-content\/uploads\/2014\/03\/concours-gateau-breton.jpg 591w, https:\/\/www.tempetedelouest.fr\/blog\/wp-content\/uploads\/2014\/03\/concours-gateau-breton-300x293.jpg 300w\" sizes=\"auto, (max-width: 591px) 100vw, 591px\" \/><\/a><figcaption id=\"caption-attachment-619\" class=\"wp-caption-text\">L&rsquo;affiche officielle du concours du g\u00e2teau breton<\/figcaption><\/figure>\n<p style=\"text-align: justify;\">Le <strong>2\u00e8me concours amateur du g\u00e2teau breton<\/strong>, organis\u00e9 par l&rsquo;association Emglev Bro an Oriant, a \u00e9lu son nouveau vainqueur le 2 mars dernier.<\/p>\n<p style=\"text-align: justify;\">Pour rappel, l&rsquo;objectif de ce concours est de r\u00e9aliser, dans la joie et la bonne humeur, <strong>le c\u00e9l\u00e8bre g\u00e2teau breton pur beurre<\/strong> en suivant la recette donn\u00e9e par les organisateurs du concours avec les ingr\u00e9dients de base (beurre, farine, oeufs et sucre) ou en suivant sa propre recette ou une recette de famille. Dans le second cas, les participants doivent \u00e9galement mettre en exergue leurs talents d&rsquo;\u00e9crivain en r\u00e9digeant l&rsquo;histoire de leur recette (si c&rsquo;est une recette familiale par exemple : quelle est son origine, la recette a t-elle \u00e9t\u00e9 modifi\u00e9e et enrichie&#8230; et si c&rsquo;est une recette personnelle, comment a t-elle \u00e9t\u00e9 invent\u00e9e). A ce titre, 3 prix sont \u00e9galement d\u00e9cern\u00e9s pour les meilleures histoires. Les participants pr\u00e9parent leur g\u00e2teau \u00e0 domicile puis doivent ensuite le d\u00e9poser dans une p\u00e2tisserie partenaire du concours, emball\u00e9 dans du papier sulfuris\u00e9 (comme \u00e0 l&rsquo;ancienne). Suite \u00e0 cela, une <strong>d\u00e9gustation \u00e0 l&rsquo;aveugle<\/strong> sera organis\u00e9e par le jury pour choisir les 6 meilleurs g\u00e2teaux.<\/p>\n<p style=\"text-align: justify;\">Le dimanche 2 mars, le jury avait donc d\u00e9lib\u00e9r\u00e9 et <strong>d\u00e9partag\u00e9 les 68 g\u00e2teaux propos\u00e9s<\/strong> : chaque membre devait verser une cuill\u00e8re \u00e0 caf\u00e9 de gros sel dans un sac d\u00e9pos\u00e9 \u00e0 c\u00f4t\u00e9 de chaque g\u00e2teau en guise de notation. Chaque sac a ensuite \u00e9t\u00e9 pes\u00e9 et le verdict a \u00e9t\u00e9 sans appel : le gagnant \u00e9tait M. Iffig Cochevelou, le fr\u00e8re du musicien Alan Stivell ! La ma\u00eetrise de la cuisson de son g\u00e2teau a sembl\u00e9 \u00eatre son gros point fort, car selon son t\u00e9moignage aupr\u00e8s du journaliste de Ouest France, sa recette est <em>\u00ab\u00a0une recette des plus basiques, je ne rajoute de rien et je surveille la cuisson.\u00a0\u00bb<\/em><\/p>\n<p style=\"text-align: justify;\">On aurait ador\u00e9 pouvoir y go\u00fbter aussi ! Rendez-vous peut-\u00eatre l&rsquo;ann\u00e9e prochaine pour une 3\u00e8me \u00e9dition du concours.<\/p>\n","protected":false},"excerpt":{"rendered":"<p>Notez cet article: &nbsp; Le 2\u00e8me concours amateur du g\u00e2teau breton, organis\u00e9 par l&rsquo;association Emglev Bro an Oriant, a \u00e9lu son nouveau vainqueur le 2 mars dernier. Pour rappel, l&rsquo;objectif de ce concours est de r\u00e9aliser, dans la joie et la bonne humeur, le c\u00e9l\u00e8bre g\u00e2teau breton pur beurre en suivant la recette donn\u00e9e par [&#8230;]\n","protected":false},"author":1,"featured_media":619,"comment_status":"open","ping_status":"open","sticky":false,"template":"","format":"standard","meta":{"footnotes":""},"categories":[1],"tags":[],"class_list":["post-618","post","type-post","status-publish","format-standard","has-post-thumbnail","hentry","category-actualites"],"yoast_head":"<!-- This site is optimized with the Yoast SEO plugin v27.1.1 - https:\/\/yoast.com\/product\/yoast-seo-wordpress\/ -->\n<title>Concours de Gateau Breton : R\u00e9sultats - Temp\u00eate de l&#039;Ouest<\/title>\n<meta name=\"description\" content=\"La seconde \u00e9dition du concours amateur de g\u00e2teau breton s&#039;est d\u00e9roul\u00e9e le 2 mars dernier \u00e0 Ploemeur dans le Morbihan. 68 g\u00e2teaux ont \u00e9t\u00e9 d\u00e9gust\u00e9s par le jury et un gagnant s&#039;est d\u00e9marqu\u00e9.\" \/>\n<meta name=\"robots\" content=\"index, follow, max-snippet:-1, max-image-preview:large, max-video-preview:-1\" \/>\n<link rel=\"canonical\" href=\"https:\/\/www.tempetedelouest.fr\/blog\/2-concours-gateau-breton\/\" \/>\n<meta property=\"og:locale\" content=\"fr_FR\" \/>\n<meta property=\"og:type\" content=\"article\" \/>\n<meta property=\"og:title\" content=\"Concours de Gateau Breton : R\u00e9sultats - Temp\u00eate de l&#039;Ouest\" \/>\n<meta property=\"og:description\" content=\"La seconde \u00e9dition du concours amateur de g\u00e2teau breton s&#039;est d\u00e9roul\u00e9e le 2 mars dernier \u00e0 Ploemeur dans le Morbihan. 68 g\u00e2teaux ont \u00e9t\u00e9 d\u00e9gust\u00e9s par le jury et un gagnant s&#039;est d\u00e9marqu\u00e9.\" \/>\n<meta property=\"og:url\" content=\"https:\/\/www.tempetedelouest.fr\/blog\/2-concours-gateau-breton\/\" \/>\n<meta property=\"og:site_name\" content=\"Le blog de Temp\u00eate de l&#039;Ouest !\" \/>\n<meta property=\"article:publisher\" content=\"https:\/\/www.facebook.com\/TempetedeLouest\" \/>\n<meta property=\"article:author\" content=\"https:\/\/www.facebook.com\/TempetedeLouest\/\" \/>\n<meta property=\"article:published_time\" content=\"2014-03-10T10:46:56+00:00\" \/>\n<meta property=\"article:modified_time\" content=\"2015-04-21T08:43:10+00:00\" \/>\n<meta property=\"og:image\" content=\"https:\/\/www.tempetedelouest.fr\/blog\/wp-content\/uploads\/2014\/03\/concours-gateau-breton.jpg\" \/>\n\t<meta property=\"og:image:width\" content=\"591\" \/>\n\t<meta property=\"og:image:height\" content=\"579\" \/>\n\t<meta property=\"og:image:type\" content=\"image\/jpeg\" \/>\n<meta name=\"author\" content=\"Temp\u00eate de l&#039;Ouest\" \/>\n<meta name=\"twitter:card\" content=\"summary_large_image\" \/>\n<meta name=\"twitter:creator\" content=\"@TempetedeLouest\" \/>\n<meta name=\"twitter:site\" content=\"@tempetedelouest\" \/>\n<meta name=\"twitter:label1\" content=\"\u00c9crit par\" \/>\n\t<meta name=\"twitter:data1\" content=\"Temp\u00eate de l&#039;Ouest\" \/>\n\t<meta name=\"twitter:label2\" content=\"Dur\u00e9e de lecture estim\u00e9e\" \/>\n\t<meta name=\"twitter:data2\" content=\"2 minutes\" \/>\n<script type=\"application\/ld+json\" class=\"yoast-schema-graph\">{\"@context\":\"https:\/\/schema.org\",\"@graph\":[{\"@type\":\"Article\",\"@id\":\"https:\/\/www.tempetedelouest.fr\/blog\/2-concours-gateau-breton\/#article\",\"isPartOf\":{\"@id\":\"https:\/\/www.tempetedelouest.fr\/blog\/2-concours-gateau-breton\/\"},\"author\":{\"name\":\"Temp\u00eate de l'Ouest\",\"@id\":\"https:\/\/www.tempetedelouest.fr\/blog\/#\/schema\/person\/503e256587cb6a291c432298d10c8b4d\"},\"headline\":\"2e concours du g\u00e2teau breton : les r\u00e9sultats\",\"datePublished\":\"2014-03-10T10:46:56+00:00\",\"dateModified\":\"2015-04-21T08:43:10+00:00\",\"mainEntityOfPage\":{\"@id\":\"https:\/\/www.tempetedelouest.fr\/blog\/2-concours-gateau-breton\/\"},\"wordCount\":370,\"commentCount\":0,\"image\":{\"@id\":\"https:\/\/www.tempetedelouest.fr\/blog\/2-concours-gateau-breton\/#primaryimage\"},\"thumbnailUrl\":\"https:\/\/www.tempetedelouest.fr\/blog\/wp-content\/uploads\/2014\/03\/concours-gateau-breton.jpg\",\"articleSection\":[\"Actus\"],\"inLanguage\":\"fr-FR\",\"potentialAction\":[{\"@type\":\"CommentAction\",\"name\":\"Comment\",\"target\":[\"https:\/\/www.tempetedelouest.fr\/blog\/2-concours-gateau-breton\/#respond\"]}]},{\"@type\":\"WebPage\",\"@id\":\"https:\/\/www.tempetedelouest.fr\/blog\/2-concours-gateau-breton\/\",\"url\":\"https:\/\/www.tempetedelouest.fr\/blog\/2-concours-gateau-breton\/\",\"name\":\"Concours de Gateau Breton : R\u00e9sultats - Temp\u00eate de l'Ouest\",\"isPartOf\":{\"@id\":\"https:\/\/www.tempetedelouest.fr\/blog\/#website\"},\"primaryImageOfPage\":{\"@id\":\"https:\/\/www.tempetedelouest.fr\/blog\/2-concours-gateau-breton\/#primaryimage\"},\"image\":{\"@id\":\"https:\/\/www.tempetedelouest.fr\/blog\/2-concours-gateau-breton\/#primaryimage\"},\"thumbnailUrl\":\"https:\/\/www.tempetedelouest.fr\/blog\/wp-content\/uploads\/2014\/03\/concours-gateau-breton.jpg\",\"datePublished\":\"2014-03-10T10:46:56+00:00\",\"dateModified\":\"2015-04-21T08:43:10+00:00\",\"author\":{\"@id\":\"https:\/\/www.tempetedelouest.fr\/blog\/#\/schema\/person\/503e256587cb6a291c432298d10c8b4d\"},\"description\":\"La seconde \u00e9dition du concours amateur de g\u00e2teau breton s'est d\u00e9roul\u00e9e le 2 mars dernier \u00e0 Ploemeur dans le Morbihan. 68 g\u00e2teaux ont \u00e9t\u00e9 d\u00e9gust\u00e9s par le jury et un gagnant s'est d\u00e9marqu\u00e9.\",\"breadcrumb\":{\"@id\":\"https:\/\/www.tempetedelouest.fr\/blog\/2-concours-gateau-breton\/#breadcrumb\"},\"inLanguage\":\"fr-FR\",\"potentialAction\":[{\"@type\":\"ReadAction\",\"target\":[\"https:\/\/www.tempetedelouest.fr\/blog\/2-concours-gateau-breton\/\"]}]},{\"@type\":\"ImageObject\",\"inLanguage\":\"fr-FR\",\"@id\":\"https:\/\/www.tempetedelouest.fr\/blog\/2-concours-gateau-breton\/#primaryimage\",\"url\":\"https:\/\/www.tempetedelouest.fr\/blog\/wp-content\/uploads\/2014\/03\/concours-gateau-breton.jpg\",\"contentUrl\":\"https:\/\/www.tempetedelouest.fr\/blog\/wp-content\/uploads\/2014\/03\/concours-gateau-breton.jpg\",\"width\":591,\"height\":579,\"caption\":\"L'affiche officielle du concours du g\u00e2teau breton\"},{\"@type\":\"BreadcrumbList\",\"@id\":\"https:\/\/www.tempetedelouest.fr\/blog\/2-concours-gateau-breton\/#breadcrumb\",\"itemListElement\":[{\"@type\":\"ListItem\",\"position\":1,\"name\":\"Accueil\",\"item\":\"https:\/\/www.tempetedelouest.fr\/blog\/\"},{\"@type\":\"ListItem\",\"position\":2,\"name\":\"Actus\",\"item\":\"https:\/\/www.tempetedelouest.fr\/blog\/actualites\/\"},{\"@type\":\"ListItem\",\"position\":3,\"name\":\"2e concours du g\u00e2teau breton : les r\u00e9sultats\"}]},{\"@type\":\"WebSite\",\"@id\":\"https:\/\/www.tempetedelouest.fr\/blog\/#website\",\"url\":\"https:\/\/www.tempetedelouest.fr\/blog\/\",\"name\":\"Le blog de Temp\u00eate de l'Ouest !\",\"description\":\"Un raz de mar\u00e9e d&#039;infos sur la gastronomie bretonne\",\"potentialAction\":[{\"@type\":\"SearchAction\",\"target\":{\"@type\":\"EntryPoint\",\"urlTemplate\":\"https:\/\/www.tempetedelouest.fr\/blog\/?s={search_term_string}\"},\"query-input\":{\"@type\":\"PropertyValueSpecification\",\"valueRequired\":true,\"valueName\":\"search_term_string\"}}],\"inLanguage\":\"fr-FR\"},{\"@type\":\"Person\",\"@id\":\"https:\/\/www.tempetedelouest.fr\/blog\/#\/schema\/person\/503e256587cb6a291c432298d10c8b4d\",\"name\":\"Temp\u00eate de l'Ouest\",\"image\":{\"@type\":\"ImageObject\",\"inLanguage\":\"fr-FR\",\"@id\":\"https:\/\/www.tempetedelouest.fr\/blog\/#\/schema\/person\/image\/\",\"url\":\"https:\/\/secure.gravatar.com\/avatar\/78a8fb5799099ec83ef58895aa2111b9001a891ad5105c35ac6b9ca811f91996?s=96&d=mm&r=g\",\"contentUrl\":\"https:\/\/secure.gravatar.com\/avatar\/78a8fb5799099ec83ef58895aa2111b9001a891ad5105c35ac6b9ca811f91996?s=96&d=mm&r=g\",\"caption\":\"Temp\u00eate de l'Ouest\"},\"sameAs\":[\"https:\/\/www.facebook.com\/TempetedeLouest\/\",\"http:\/\/www.pinterest.com\/tempetedelouest\/\",\"https:\/\/x.com\/TempetedeLouest\"]}]}<\/script>\n<!-- \/ Yoast SEO plugin. -->","yoast_head_json":{"title":"Concours de Gateau Breton : R\u00e9sultats - Temp\u00eate de l'Ouest","description":"La seconde \u00e9dition du concours amateur de g\u00e2teau breton s'est d\u00e9roul\u00e9e le 2 mars dernier \u00e0 Ploemeur dans le Morbihan. 68 g\u00e2teaux ont \u00e9t\u00e9 d\u00e9gust\u00e9s par le jury et un gagnant s'est d\u00e9marqu\u00e9.","robots":{"index":"index","follow":"follow","max-snippet":"max-snippet:-1","max-image-preview":"max-image-preview:large","max-video-preview":"max-video-preview:-1"},"canonical":"https:\/\/www.tempetedelouest.fr\/blog\/2-concours-gateau-breton\/","og_locale":"fr_FR","og_type":"article","og_title":"Concours de Gateau Breton : R\u00e9sultats - Temp\u00eate de l'Ouest","og_description":"La seconde \u00e9dition du concours amateur de g\u00e2teau breton s'est d\u00e9roul\u00e9e le 2 mars dernier \u00e0 Ploemeur dans le Morbihan. 68 g\u00e2teaux ont \u00e9t\u00e9 d\u00e9gust\u00e9s par le jury et un gagnant s'est d\u00e9marqu\u00e9.","og_url":"https:\/\/www.tempetedelouest.fr\/blog\/2-concours-gateau-breton\/","og_site_name":"Le blog de Temp\u00eate de l&#039;Ouest !","article_publisher":"https:\/\/www.facebook.com\/TempetedeLouest","article_author":"https:\/\/www.facebook.com\/TempetedeLouest\/","article_published_time":"2014-03-10T10:46:56+00:00","article_modified_time":"2015-04-21T08:43:10+00:00","og_image":[{"width":591,"height":579,"url":"https:\/\/www.tempetedelouest.fr\/blog\/wp-content\/uploads\/2014\/03\/concours-gateau-breton.jpg","type":"image\/jpeg"}],"author":"Temp\u00eate de l'Ouest","twitter_card":"summary_large_image","twitter_creator":"@TempetedeLouest","twitter_site":"@tempetedelouest","twitter_misc":{"\u00c9crit par":"Temp\u00eate de l'Ouest","Dur\u00e9e de lecture estim\u00e9e":"2 minutes"},"schema":{"@context":"https:\/\/schema.org","@graph":[{"@type":"Article","@id":"https:\/\/www.tempetedelouest.fr\/blog\/2-concours-gateau-breton\/#article","isPartOf":{"@id":"https:\/\/www.tempetedelouest.fr\/blog\/2-concours-gateau-breton\/"},"author":{"name":"Temp\u00eate de l'Ouest","@id":"https:\/\/www.tempetedelouest.fr\/blog\/#\/schema\/person\/503e256587cb6a291c432298d10c8b4d"},"headline":"2e concours du g\u00e2teau breton : les r\u00e9sultats","datePublished":"2014-03-10T10:46:56+00:00","dateModified":"2015-04-21T08:43:10+00:00","mainEntityOfPage":{"@id":"https:\/\/www.tempetedelouest.fr\/blog\/2-concours-gateau-breton\/"},"wordCount":370,"commentCount":0,"image":{"@id":"https:\/\/www.tempetedelouest.fr\/blog\/2-concours-gateau-breton\/#primaryimage"},"thumbnailUrl":"https:\/\/www.tempetedelouest.fr\/blog\/wp-content\/uploads\/2014\/03\/concours-gateau-breton.jpg","articleSection":["Actus"],"inLanguage":"fr-FR","potentialAction":[{"@type":"CommentAction","name":"Comment","target":["https:\/\/www.tempetedelouest.fr\/blog\/2-concours-gateau-breton\/#respond"]}]},{"@type":"WebPage","@id":"https:\/\/www.tempetedelouest.fr\/blog\/2-concours-gateau-breton\/","url":"https:\/\/www.tempetedelouest.fr\/blog\/2-concours-gateau-breton\/","name":"Concours de Gateau Breton : R\u00e9sultats - Temp\u00eate de l'Ouest","isPartOf":{"@id":"https:\/\/www.tempetedelouest.fr\/blog\/#website"},"primaryImageOfPage":{"@id":"https:\/\/www.tempetedelouest.fr\/blog\/2-concours-gateau-breton\/#primaryimage"},"image":{"@id":"https:\/\/www.tempetedelouest.fr\/blog\/2-concours-gateau-breton\/#primaryimage"},"thumbnailUrl":"https:\/\/www.tempetedelouest.fr\/blog\/wp-content\/uploads\/2014\/03\/concours-gateau-breton.jpg","datePublished":"2014-03-10T10:46:56+00:00","dateModified":"2015-04-21T08:43:10+00:00","author":{"@id":"https:\/\/www.tempetedelouest.fr\/blog\/#\/schema\/person\/503e256587cb6a291c432298d10c8b4d"},"description":"La seconde \u00e9dition du concours amateur de g\u00e2teau breton s'est d\u00e9roul\u00e9e le 2 mars dernier \u00e0 Ploemeur dans le Morbihan. 68 g\u00e2teaux ont \u00e9t\u00e9 d\u00e9gust\u00e9s par le jury et un gagnant s'est d\u00e9marqu\u00e9.","breadcrumb":{"@id":"https:\/\/www.tempetedelouest.fr\/blog\/2-concours-gateau-breton\/#breadcrumb"},"inLanguage":"fr-FR","potentialAction":[{"@type":"ReadAction","target":["https:\/\/www.tempetedelouest.fr\/blog\/2-concours-gateau-breton\/"]}]},{"@type":"ImageObject","inLanguage":"fr-FR","@id":"https:\/\/www.tempetedelouest.fr\/blog\/2-concours-gateau-breton\/#primaryimage","url":"https:\/\/www.tempetedelouest.fr\/blog\/wp-content\/uploads\/2014\/03\/concours-gateau-breton.jpg","contentUrl":"https:\/\/www.tempetedelouest.fr\/blog\/wp-content\/uploads\/2014\/03\/concours-gateau-breton.jpg","width":591,"height":579,"caption":"L'affiche officielle du concours du g\u00e2teau breton"},{"@type":"BreadcrumbList","@id":"https:\/\/www.tempetedelouest.fr\/blog\/2-concours-gateau-breton\/#breadcrumb","itemListElement":[{"@type":"ListItem","position":1,"name":"Accueil","item":"https:\/\/www.tempetedelouest.fr\/blog\/"},{"@type":"ListItem","position":2,"name":"Actus","item":"https:\/\/www.tempetedelouest.fr\/blog\/actualites\/"},{"@type":"ListItem","position":3,"name":"2e concours du g\u00e2teau breton : les r\u00e9sultats"}]},{"@type":"WebSite","@id":"https:\/\/www.tempetedelouest.fr\/blog\/#website","url":"https:\/\/www.tempetedelouest.fr\/blog\/","name":"Le blog de Temp\u00eate de l'Ouest !","description":"Un raz de mar\u00e9e d&#039;infos sur la gastronomie bretonne","potentialAction":[{"@type":"SearchAction","target":{"@type":"EntryPoint","urlTemplate":"https:\/\/www.tempetedelouest.fr\/blog\/?s={search_term_string}"},"query-input":{"@type":"PropertyValueSpecification","valueRequired":true,"valueName":"search_term_string"}}],"inLanguage":"fr-FR"},{"@type":"Person","@id":"https:\/\/www.tempetedelouest.fr\/blog\/#\/schema\/person\/503e256587cb6a291c432298d10c8b4d","name":"Temp\u00eate de l'Ouest","image":{"@type":"ImageObject","inLanguage":"fr-FR","@id":"https:\/\/www.tempetedelouest.fr\/blog\/#\/schema\/person\/image\/","url":"https:\/\/secure.gravatar.com\/avatar\/78a8fb5799099ec83ef58895aa2111b9001a891ad5105c35ac6b9ca811f91996?s=96&d=mm&r=g","contentUrl":"https:\/\/secure.gravatar.com\/avatar\/78a8fb5799099ec83ef58895aa2111b9001a891ad5105c35ac6b9ca811f91996?s=96&d=mm&r=g","caption":"Temp\u00eate de l'Ouest"},"sameAs":["https:\/\/www.facebook.com\/TempetedeLouest\/","http:\/\/www.pinterest.com\/tempetedelouest\/","https:\/\/x.com\/TempetedeLouest"]}]}},"_links":{"self":[{"href":"https:\/\/www.tempetedelouest.fr\/blog\/wp-json\/wp\/v2\/posts\/618","targetHints":{"allow":["GET"]}}],"collection":[{"href":"https:\/\/www.tempetedelouest.fr\/blog\/wp-json\/wp\/v2\/posts"}],"about":[{"href":"https:\/\/www.tempetedelouest.fr\/blog\/wp-json\/wp\/v2\/types\/post"}],"author":[{"embeddable":true,"href":"https:\/\/www.tempetedelouest.fr\/blog\/wp-json\/wp\/v2\/users\/1"}],"replies":[{"embeddable":true,"href":"https:\/\/www.tempetedelouest.fr\/blog\/wp-json\/wp\/v2\/comments?post=618"}],"version-history":[{"count":0,"href":"https:\/\/www.tempetedelouest.fr\/blog\/wp-json\/wp\/v2\/posts\/618\/revisions"}],"wp:featuredmedia":[{"embeddable":true,"href":"https:\/\/www.tempetedelouest.fr\/blog\/wp-json\/wp\/v2\/media\/619"}],"wp:attachment":[{"href":"https:\/\/www.tempetedelouest.fr\/blog\/wp-json\/wp\/v2\/media?parent=618"}],"wp:term":[{"taxonomy":"category","embeddable":true,"href":"https:\/\/www.tempetedelouest.fr\/blog\/wp-json\/wp\/v2\/categories?post=618"},{"taxonomy":"post_tag","embeddable":true,"href":"https:\/\/www.tempetedelouest.fr\/blog\/wp-json\/wp\/v2\/tags?post=618"}],"curies":[{"name":"wp","href":"https:\/\/api.w.org\/{rel}","templated":true}]}}