{"id":492,"date":"2016-01-17T16:57:54","date_gmt":"2016-01-17T15:57:54","guid":{"rendered":"https:\/\/www.tempetedelouest.fr\/blog\/?p=492"},"modified":"2025-01-14T15:19:01","modified_gmt":"2025-01-14T14:19:01","slug":"chandeleur-dossier-fete-des-crepes","status":"publish","type":"post","link":"https:\/\/www.tempetedelouest.fr\/blog\/chandeleur-dossier-fete-des-crepes\/","title":{"rendered":"Chandeleur : le dossier complet pour la F\u00eate des Cr\u00eapes"},"content":{"rendered":"\n<center><strong>Notez cet article:<\/strong> <span id=\"post-ratings-492\" class=\"post-ratings\" data-nonce=\"4ddf546df1\"><span class=\"review hreview-aggregate\"><span class=\"rating\"><img decoding=\"async\" id=\"rating_492_1\" src=\"https:\/\/www.tempetedelouest.fr\/blog\/wp-content\/plugins\/wp-postratings\/images\/stars_crystal\/rating_on.gif\" alt=\"1 \u00e9toile\" title=\"1 \u00e9toile\" onmouseover=\"current_rating(492, 1, '1 \u00e9toile');\" onmouseout=\"ratings_off(4.1, 0, 0);\" onclick=\"rate_post();\" onkeypress=\"rate_post();\" style=\"cursor: pointer; border: 0px;\" \/><img decoding=\"async\" id=\"rating_492_2\" src=\"https:\/\/www.tempetedelouest.fr\/blog\/wp-content\/plugins\/wp-postratings\/images\/stars_crystal\/rating_on.gif\" alt=\"2 \u00e9toiles\" title=\"2 \u00e9toiles\" onmouseover=\"current_rating(492, 2, '2 \u00e9toiles');\" onmouseout=\"ratings_off(4.1, 0, 0);\" onclick=\"rate_post();\" onkeypress=\"rate_post();\" style=\"cursor: pointer; border: 0px;\" \/><img decoding=\"async\" id=\"rating_492_3\" src=\"https:\/\/www.tempetedelouest.fr\/blog\/wp-content\/plugins\/wp-postratings\/images\/stars_crystal\/rating_on.gif\" alt=\"3 \u00e9toiles\" title=\"3 \u00e9toiles\" onmouseover=\"current_rating(492, 3, '3 \u00e9toiles');\" onmouseout=\"ratings_off(4.1, 0, 0);\" onclick=\"rate_post();\" onkeypress=\"rate_post();\" style=\"cursor: pointer; border: 0px;\" \/><img decoding=\"async\" id=\"rating_492_4\" src=\"https:\/\/www.tempetedelouest.fr\/blog\/wp-content\/plugins\/wp-postratings\/images\/stars_crystal\/rating_on.gif\" alt=\"4 \u00e9toiles\" title=\"4 \u00e9toiles\" onmouseover=\"current_rating(492, 4, '4 \u00e9toiles');\" onmouseout=\"ratings_off(4.1, 0, 0);\" onclick=\"rate_post();\" onkeypress=\"rate_post();\" style=\"cursor: pointer; border: 0px;\" \/><img decoding=\"async\" id=\"rating_492_5\" src=\"https:\/\/www.tempetedelouest.fr\/blog\/wp-content\/plugins\/wp-postratings\/images\/stars_crystal\/rating_off.gif\" alt=\"5 \u00e9toiles\" title=\"5 \u00e9toiles\" onmouseover=\"current_rating(492, 5, '5 \u00e9toiles');\" onmouseout=\"ratings_off(4.1, 0, 0);\" onclick=\"rate_post();\" onkeypress=\"rate_post();\" style=\"cursor: pointer; border: 0px;\" \/> <span class=\"count\">7<\/span>  votes | moyenne: <span class=\"average\">4,14<\/span>  sur 5 <span class=\"post-ratings-text\" id=\"ratings_492_text\"><\/span>\r\n<\/span><\/span><\/span><span id=\"post-ratings-492-loading\" class=\"post-ratings-loading\"><img loading=\"lazy\" decoding=\"async\" src=\"https:\/\/www.tempetedelouest.fr\/blog\/wp-content\/plugins\/wp-postratings\/images\/loading.gif\" width=\"16\" height=\"16\" class=\"post-ratings-image\" \/>Loading...<\/span><\/center>\n<p>\u00a0<\/p>\n<p style=\"text-align: justify;\">A l&rsquo;occasion de la Chandeleur, la traditionnelle f\u00eate des cr\u00eapes qui nous fait saliver chaque ann\u00e9e \u00e0 peu pr\u00e8s un mois apr\u00e8s les f\u00eates de fin d&rsquo;ann\u00e9e, j&rsquo;ai d\u00e9cid\u00e9 de vous concocter un dossier sp\u00e9cial Chandeleur : vous retrouverez tous les articles et recettes en lien avec cette f\u00eate de la gourmandise pour vous pr\u00e9parer une soir\u00e9e cr\u00eapes dans les r\u00e8gles de l&rsquo;art (ce dossier aura bien s\u00fbr vocation \u00e0 grandir avec le temps et je vous pr\u00e9parerai plein d&rsquo;autres articles pratiques). A vos billigs et spatules maintenant, apr\u00e8s avoir lu ceci vous deviendrez un v\u00e9ritable chef !<\/p>\n<p>\u00a0<\/p>\n<h2>Pas de Chandeleur sans bol\u00e9e de cidre !<\/h2>\n<table style=\"border-collapse: separate; border-spacing: 20px 0px;\">\n<tbody>\n<tr>\n<td style=\"width: 50%; text-align: justify;\">\n<figure id=\"attachment_1212\" aria-describedby=\"caption-attachment-1212\" style=\"width: 640px\" class=\"wp-caption aligncenter\"><img loading=\"lazy\" decoding=\"async\" class=\"size-full wp-image-1212\" src=\"https:\/\/www.tempetedelouest.fr\/blog\/wp-content\/uploads\/2014\/11\/cidre-breton.jpg\" alt=\"Cr\u00e9dits : Flickr\" width=\"640\" height=\"429\" srcset=\"https:\/\/www.tempetedelouest.fr\/blog\/wp-content\/uploads\/2014\/11\/cidre-breton.jpg 640w, https:\/\/www.tempetedelouest.fr\/blog\/wp-content\/uploads\/2014\/11\/cidre-breton-300x201.jpg 300w\" sizes=\"auto, (max-width: 640px) 100vw, 640px\" \/><figcaption id=\"caption-attachment-1212\" class=\"wp-caption-text\">Cr\u00e9dits : <a href=\"https:\/\/www.flickr.com\/photos\/bocage-normand-tourisme\/\" target=\"_blank\" rel=\"noopener\">Flickr<\/a><\/figcaption><\/figure>\n<p>Pour accompagner cr\u00eapes et galettes, la tradition veut qu&rsquo;on les serve avec une bol\u00e9e \u00e0 cidre. Apprenez-en plus sur cette boisson gr\u00e2ce \u00e0 notre article : origine, techniques de fabrication et une pr\u00e9sentation de la distillerie du Gorvello de Sulniac (Morbihan) qui produit artisanalement du cidre de grande qualit\u00e9.<\/p>\n<p style=\"text-align: center;\"><span style=\"color: #f99b1c;\"><a class=\"read-more\" style=\"position: relative; color: #f99b1c; float: none;\" href=\"https:\/\/www.tempetedelouest.fr\/blog\/cidre-breton-pommes-bulles-du-savoir-faire\/\">\u2192 VOIR LES SUGGESTIONS<\/a><\/span><\/p>\n<\/td>\n<\/tr>\n<\/tbody>\n<\/table>\n<p>\u00a0<\/p>\n<h2>Les produits \u00e0 ne pas manquer pour une cr\u00eape party r\u00e9ussie!<\/h2>\n<table class=\"selectproduit\" style=\"width: 100%; border: 0px solid #E7E7E7; text-align: center;\">\n<tbody>\n<tr style=\"border: 0px solid #E7E7E7;\">\n<td style=\"width: 33%; text-align: center;\"><img loading=\"lazy\" decoding=\"async\" class=\"size-full wp-image-1621 aligncenter\" src=\"https:\/\/www.tempetedelouest.fr\/blog\/wp-content\/uploads\/2014\/01\/rateau-crepes.jpg\" alt=\"rateau-crepes\" width=\"230\" height=\"164\" \/><br \/>R\u00e2teau \u00e0 cr\u00eapes<br \/><a class=\"voir-produit\" href=\"https:\/\/www.tempetedelouest.fr\/produit\/rateau-crepes-rond\/\" target=\"_blank\" rel=\"noopener\">Voir le produit<\/a><\/td>\n<td style=\"width: 33%; text-align: center;\"><img loading=\"lazy\" decoding=\"async\" class=\"aligncenter size-full wp-image-1622\" src=\"https:\/\/www.tempetedelouest.fr\/blog\/wp-content\/uploads\/2014\/01\/spatule-crepes.jpg\" alt=\"spatule-crepes\" width=\"230\" height=\"164\" \/><br \/>Spatule \u00e0 cr\u00eapes<br \/><a class=\"voir-produit\" href=\"https:\/\/www.tempetedelouest.fr\/produit\/spatule-crepes\/\" target=\"_blank\" rel=\"noopener\">Voir le produit<\/a><\/td>\n<td style=\"width: 33%; text-align: center;\"><img loading=\"lazy\" decoding=\"async\" class=\"aligncenter size-full wp-image-1618\" src=\"https:\/\/www.tempetedelouest.fr\/blog\/wp-content\/uploads\/2014\/01\/bolees-cidre.jpg\" alt=\"bolees-cidre\" width=\"230\" height=\"164\" \/><br \/>Bol\u00e9es \u00e0 cidre et pichets<br \/><a class=\"voir-produit\" href=\"https:\/\/www.tempetedelouest.fr\/01\/vaisselle-et-ustensiles\/bolees-a-cidre\/\" target=\"_blank\" rel=\"noopener\">Voir le produit<\/a><\/td>\n<\/tr>\n<tr style=\"border: 0px solid #E7E7E7;\">\n<td style=\"width: 33%; text-align: center;\"><img loading=\"lazy\" decoding=\"async\" class=\"aligncenter size-full wp-image-1621\" src=\"https:\/\/www.tempetedelouest.fr\/blog\/wp-content\/uploads\/2016\/01\/pics-drapeau-breton.jpg\" alt=\"rateau-crepes\" width=\"230\" height=\"164\" \/><br \/>Pics cocktail bretons<br \/><a class=\"voir-produit\" href=\"https:\/\/www.tempetedelouest.fr\/produit\/pic-cocktail-drapeau-breton\/\" target=\"_blank\" rel=\"noopener\">Voir le produit<\/a><\/td>\n<td style=\"width: 33%; text-align: center;\"><img loading=\"lazy\" decoding=\"async\" class=\"aligncenter size-full wp-image-1622\" src=\"https:\/\/www.tempetedelouest.fr\/blog\/wp-content\/uploads\/2016\/01\/serviette-cocktail-drapeau-breton.jpg\" alt=\"spatule-crepes\" width=\"230\" height=\"164\" \/><br \/>Mini serviettes cocktail<br \/><a class=\"voir-produit\" href=\"https:\/\/www.tempetedelouest.fr\/produit\/serviettes-cocktails-drapeau-breton\/\" target=\"_blank\" rel=\"noopener\">Voir le produit<\/a><\/td>\n<td style=\"width: 33%; text-align: center;\"><img loading=\"lazy\" decoding=\"async\" class=\"aligncenter size-full wp-image-1618\" src=\"https:\/\/www.tempetedelouest.fr\/blog\/wp-content\/uploads\/2016\/01\/set-table-papier-breton.jpg\" alt=\"bolees-cidre\" width=\"230\" height=\"164\" \/><br \/>Sets de table en papier<br \/><a class=\"voir-produit\" href=\"https:\/\/www.tempetedelouest.fr\/produit\/sets-table-papier-bretons\/\" target=\"_blank\" rel=\"noopener\">Voir le produit<\/a><\/td>\n<\/tr>\n<tr>\n<td style=\"text-align: center;\"><img loading=\"lazy\" decoding=\"async\" class=\"size-full wp-image-1620 aligncenter\" src=\"https:\/\/www.tempetedelouest.fr\/blog\/wp-content\/uploads\/2014\/01\/cremes-caramel-beurre-sale.jpg\" alt=\"cremes-caramel-beurre-sale\" width=\"230\" height=\"164\" \/><br \/>Cr\u00e8mes de caramel au beurre sal\u00e9<br \/><a class=\"voir-produit\" href=\"https:\/\/www.tempetedelouest.fr\/01\/epicerie-sucree\/caramel-au-beurre-sale\/cremes\/\" target=\"_blank\" rel=\"noopener\">Voir le produit<\/a><\/td>\n<td style=\"text-align: center;\"><img loading=\"lazy\" decoding=\"async\" class=\"aligncenter size-full wp-image-1619\" src=\"https:\/\/www.tempetedelouest.fr\/blog\/wp-content\/uploads\/2014\/01\/confitures-bretonnes.jpg\" alt=\"confitures-bretonnes\" width=\"230\" height=\"164\" \/><br \/>Confitures bretonnes<br \/><a class=\"voir-produit\" href=\"https:\/\/www.tempetedelouest.fr\/01\/epicerie-sucree\/confitures-et-pates-a-tartiner\/\" target=\"_blank\" rel=\"noopener\">Voir le produit<\/a><\/td>\n<td style=\"text-align: center;\"><img loading=\"lazy\" decoding=\"async\" class=\"aligncenter size-full wp-image-1623\" src=\"https:\/\/www.tempetedelouest.fr\/blog\/wp-content\/uploads\/2014\/01\/coffret-crepe-party-a-laise-breizh.jpg\" alt=\"coffret-crepe-party-a-laise-breizh\" width=\"230\" height=\"164\" \/><br \/>Coffret cr\u00eape party A l&rsquo;Aise Breizh<br \/><a class=\"voir-produit\" href=\"https:\/\/www.tempetedelouest.fr\/produit\/coffret-crepe-a-laise-breizh\/\" target=\"_blank\" rel=\"noopener\">Voir le produit<\/a><\/td>\n<\/tr>\n<\/tbody>\n<\/table>\n<p>\u00a0<\/p>\n<h2>Plut\u00f4t cr\u00eapes ou galettes ? <em> <small>(ou les 2 !)<\/small><\/em><\/h2>\n<table style=\"border-collapse: separate; border-spacing: 20px 0px;\">\n<tbody>\n<tr>\n<td style=\"width: 50%; text-align: justify;\">\u00a0<a href=\"https:\/\/www.tempetedelouest.fr\/blog\/chandeleur-crepes-sucrees\/\"><img loading=\"lazy\" decoding=\"async\" class=\"aligncenter size-full wp-image-565\" src=\"https:\/\/www.tempetedelouest.fr\/blog\/wp-content\/uploads\/2014\/01\/crepes.jpg\" alt=\"crepes\" width=\"353\" height=\"177\" srcset=\"https:\/\/www.tempetedelouest.fr\/blog\/wp-content\/uploads\/2014\/01\/crepes.jpg 353w, https:\/\/www.tempetedelouest.fr\/blog\/wp-content\/uploads\/2014\/01\/crepes-300x150.jpg 300w\" sizes=\"auto, (max-width: 353px) 100vw, 353px\" \/><\/a>\n<h3 style=\"text-align: center;\"><strong>Les cr\u00eapes au froment<\/strong><\/h3>\n<p>Le grand classique de la Chandeleur, ce sont bien souvent les cr\u00eapes sucr\u00e9es, rien de plus simple \u00e0 faire. Je vous propose ma s\u00e9lection de garnitures classiques et plus originales et la recette de la p\u00e2te \u00e0 cr\u00eapes bretonne pur beurre pour vous r\u00e9galer !<\/p>\n<p style=\"text-align: center;\"><span style=\"color: #f99b1c;\"><a class=\"read-more\" style=\"position: relative; color: #f99b1c; float: none;\" href=\"https:\/\/www.tempetedelouest.fr\/blog\/chandeleur-crepes-sucrees\/\">\u2192 VOIR LES SUGGESTIONS<\/a><\/span><\/p>\n<\/td>\n<td style=\"width: 50%; text-align: justify;\">\n<p><a href=\"https:\/\/www.tempetedelouest.fr\/blog\/wp-content\/uploads\/2016\/03\/Galette_saucisse_1-150x1501.jpg\"><img loading=\"lazy\" decoding=\"async\" class=\"wp-image-1868 aligncenter\" src=\"https:\/\/www.tempetedelouest.fr\/blog\/wp-content\/uploads\/2016\/03\/Galette_saucisse_1-150x1501.jpg\" alt=\"\" width=\"279\" height=\"177\" srcset=\"https:\/\/www.tempetedelouest.fr\/blog\/wp-content\/uploads\/2016\/03\/Galette_saucisse_1-150x1501.jpg 330w, https:\/\/www.tempetedelouest.fr\/blog\/wp-content\/uploads\/2016\/03\/Galette_saucisse_1-150x1501-300x190.jpg 300w, https:\/\/www.tempetedelouest.fr\/blog\/wp-content\/uploads\/2016\/03\/Galette_saucisse_1-150x1501-80x50.jpg 80w\" sizes=\"auto, (max-width: 279px) 100vw, 279px\" \/><\/a><\/p>\n<h3 style=\"text-align: center;\"><strong>Les galettes de bl\u00e9 noir<\/strong><\/h3>\n<p>Et si vous \u00eates plut\u00f4t \u00ab\u00a0sal\u00e9\u00a0\u00bb que \u00ab\u00a0sucr\u00e9\u00a0\u00bb ou que vous aimez les 2, \u00e7a tombe bien puisque je vous sugg\u00e8res des garnitures \u00e0 base de viande, poissons, fruits de mer ou v\u00e9g\u00e9tariennes pour des galettes de sarrasin \u00e0 tomber !<\/p>\n<p style=\"text-align: center;\"><span style=\"color: #f99b1c;\"><a class=\"read-more\" style=\"position: relative; color: #f99b1c; float: none;\" href=\"https:\/\/www.tempetedelouest.fr\/blog\/chandeleur-galettes\/\">\u2192 VOIR LES SUGGESTIONS<\/a><\/span><\/p>\n<\/td>\n<\/tr>\n<\/tbody>\n<\/table>\n<h2>Des pliages dignes d&rsquo;une cr\u00eaperie<\/h2>\n<p><a href=\"https:\/\/www.tempetedelouest.fr\/blog\/chandeleur-pliage-crepes\/\"><img loading=\"lazy\" decoding=\"async\" class=\"aligncenter size-full wp-image-568\" src=\"https:\/\/www.tempetedelouest.fr\/blog\/wp-content\/uploads\/2014\/01\/pliage-crepes-2.jpg\" alt=\"pliage-crepes-2\" width=\"764\" height=\"432\" srcset=\"https:\/\/www.tempetedelouest.fr\/blog\/wp-content\/uploads\/2014\/01\/pliage-crepes-2.jpg 764w, https:\/\/www.tempetedelouest.fr\/blog\/wp-content\/uploads\/2014\/01\/pliage-crepes-2-300x169.jpg 300w\" sizes=\"auto, (max-width: 764px) 100vw, 764px\" \/><\/a><\/p>\n<p style=\"text-align: justify;\">Amusez-vous \u00e0 parfaire la pr\u00e9sentation de vos cr\u00eapes pour \u00e9pater vos invit\u00e9s ou vos proches ! En triangle, en carr\u00e9 ou encore \u00e9ventail, je vous donne quelques astuces toutes simples pour changer de la cr\u00eape roul\u00e9e classique avec 8 techniques de pliages souvent utilis\u00e9es dans les cr\u00eaperies bretonnes.<\/p>\n<p style=\"text-align: center;\"><span style=\"color: #f99b1c;\"><a class=\"read-more\" style=\"position: relative; color: #f99b1c; float: none;\" href=\"https:\/\/www.tempetedelouest.fr\/blog\/chandeleur-pliage-crepes\/\">\u2192 VOIR LES TECHNIQUES<\/a><\/span><\/p>\n<h2>Ma\u00eetre cr\u00eapier : zoom sur ce m\u00e9tier gourmand<\/h2>\n<p><a href=\"https:\/\/www.tempetedelouest.fr\/blog\/metier-crepier\/\"><img loading=\"lazy\" decoding=\"async\" class=\"alignleft size-full wp-image-551\" src=\"https:\/\/www.tempetedelouest.fr\/blog\/wp-content\/uploads\/2014\/01\/devenir-crepier.jpg\" alt=\"cr\u00eape chocolat\" width=\"425\" height=\"282\" srcset=\"https:\/\/www.tempetedelouest.fr\/blog\/wp-content\/uploads\/2014\/01\/devenir-crepier.jpg 425w, https:\/\/www.tempetedelouest.fr\/blog\/wp-content\/uploads\/2014\/01\/devenir-crepier-300x199.jpg 300w\" sizes=\"auto, (max-width: 425px) 100vw, 425px\" \/><\/a><\/p>\n<p style=\"text-align: justify;\">Si vous avez pour projet de vous reconvertir en ma\u00eetre cr\u00eapier ou m\u00eame d&rsquo;ouvrir un jour une cr\u00eaperie (ou si vous \u00eates simplement curieux d&rsquo;en savoir plus sur ce beau m\u00e9tier), voici un dossier sp\u00e9cial cr\u00eapier ! Un sujet qu colle \u00e0 merveille avec le th\u00e8me de la Chandeleur sachant que les cr\u00eaperies tourneront probablement \u00e0 plein r\u00e9gime le 2 f\u00e9vrier prochain !<\/p>\n<p style=\"text-align: center;\"><span style=\"color: #f99b1c;\"><a class=\"read-more\" style=\"position: relative; color: #f99b1c; float: none;\" href=\"https:\/\/www.tempetedelouest.fr\/blog\/metier-crepier\/\">\u2192 EN SAVOIR PLUS<\/a><\/span><\/p>\n<p>\u00a0<\/p>\n\n","protected":false},"excerpt":{"rendered":"","protected":false},"author":1,"featured_media":581,"comment_status":"open","ping_status":"open","sticky":false,"template":"","format":"standard","meta":{"footnotes":""},"categories":[5],"tags":[11],"class_list":["post-492","post","type-post","status-publish","format-standard","has-post-thumbnail","hentry","category-recettes-a-croquer","tag-chandeleur"],"yoast_head":"<!-- This site is optimized with the Yoast SEO plugin v27.1.1 - https:\/\/yoast.com\/product\/yoast-seo-wordpress\/ -->\n<title>\u21d2 Chandeleur 2017. Recette de Crepe &amp; astuces pour la f\u00eate des cr\u00eapes<\/title>\n<meta name=\"description\" content=\"Dossier sp\u00e9cial pour f\u00eater la Chandeleur autour d&#039;une soir\u00e9e cr\u00eapes digne de ce nom : cr\u00eapes de froment, galettes, garnitures et conseils.\" \/>\n<meta name=\"robots\" content=\"index, follow, max-snippet:-1, max-image-preview:large, max-video-preview:-1\" \/>\n<link rel=\"canonical\" href=\"https:\/\/www.tempetedelouest.fr\/blog\/chandeleur-dossier-fete-des-crepes\/\" \/>\n<meta property=\"og:locale\" content=\"fr_FR\" \/>\n<meta property=\"og:type\" content=\"article\" \/>\n<meta property=\"og:title\" content=\"\u21d2 Chandeleur 2017. Recette de Crepe &amp; astuces pour la f\u00eate des cr\u00eapes\" \/>\n<meta property=\"og:description\" content=\"Dossier sp\u00e9cial pour f\u00eater la Chandeleur autour d&#039;une soir\u00e9e cr\u00eapes digne de ce nom : cr\u00eapes de froment, galettes, garnitures et conseils.\" \/>\n<meta property=\"og:url\" content=\"https:\/\/www.tempetedelouest.fr\/blog\/chandeleur-dossier-fete-des-crepes\/\" \/>\n<meta property=\"og:site_name\" content=\"Le blog de Temp\u00eate de l&#039;Ouest !\" \/>\n<meta property=\"article:publisher\" content=\"https:\/\/www.facebook.com\/TempetedeLouest\" \/>\n<meta property=\"article:author\" content=\"https:\/\/www.facebook.com\/TempetedeLouest\/\" \/>\n<meta property=\"article:published_time\" content=\"2016-01-17T15:57:54+00:00\" \/>\n<meta property=\"article:modified_time\" content=\"2025-01-14T14:19:01+00:00\" \/>\n<meta property=\"og:image\" content=\"https:\/\/www.tempetedelouest.fr\/blog\/wp-content\/uploads\/2014\/01\/chandeleur.png\" \/>\n\t<meta property=\"og:image:width\" content=\"280\" \/>\n\t<meta property=\"og:image:height\" content=\"280\" \/>\n\t<meta property=\"og:image:type\" content=\"image\/png\" \/>\n<meta name=\"author\" content=\"Temp\u00eate de l&#039;Ouest\" \/>\n<meta name=\"twitter:card\" content=\"summary_large_image\" \/>\n<meta name=\"twitter:creator\" content=\"@TempetedeLouest\" \/>\n<meta name=\"twitter:site\" content=\"@tempetedelouest\" \/>\n<meta name=\"twitter:label1\" content=\"\u00c9crit par\" \/>\n\t<meta name=\"twitter:data1\" content=\"Temp\u00eate de l&#039;Ouest\" \/>\n\t<meta name=\"twitter:label2\" content=\"Dur\u00e9e de lecture estim\u00e9e\" \/>\n\t<meta name=\"twitter:data2\" content=\"3 minutes\" \/>\n<script type=\"application\/ld+json\" class=\"yoast-schema-graph\">{\"@context\":\"https:\/\/schema.org\",\"@graph\":[{\"@type\":\"Article\",\"@id\":\"https:\/\/www.tempetedelouest.fr\/blog\/chandeleur-dossier-fete-des-crepes\/#article\",\"isPartOf\":{\"@id\":\"https:\/\/www.tempetedelouest.fr\/blog\/chandeleur-dossier-fete-des-crepes\/\"},\"author\":{\"name\":\"Temp\u00eate de l'Ouest\",\"@id\":\"https:\/\/www.tempetedelouest.fr\/blog\/#\/schema\/person\/503e256587cb6a291c432298d10c8b4d\"},\"headline\":\"Chandeleur : le dossier complet pour la F\u00eate des Cr\u00eapes\",\"datePublished\":\"2016-01-17T15:57:54+00:00\",\"dateModified\":\"2025-01-14T14:19:01+00:00\",\"mainEntityOfPage\":{\"@id\":\"https:\/\/www.tempetedelouest.fr\/blog\/chandeleur-dossier-fete-des-crepes\/\"},\"wordCount\":542,\"commentCount\":0,\"image\":{\"@id\":\"https:\/\/www.tempetedelouest.fr\/blog\/chandeleur-dossier-fete-des-crepes\/#primaryimage\"},\"thumbnailUrl\":\"https:\/\/www.tempetedelouest.fr\/blog\/wp-content\/uploads\/2014\/01\/chandeleur.png\",\"keywords\":[\"Chandeleur\"],\"articleSection\":[\"Recettes \u00e0 croquer\"],\"inLanguage\":\"fr-FR\",\"potentialAction\":[{\"@type\":\"CommentAction\",\"name\":\"Comment\",\"target\":[\"https:\/\/www.tempetedelouest.fr\/blog\/chandeleur-dossier-fete-des-crepes\/#respond\"]}]},{\"@type\":\"WebPage\",\"@id\":\"https:\/\/www.tempetedelouest.fr\/blog\/chandeleur-dossier-fete-des-crepes\/\",\"url\":\"https:\/\/www.tempetedelouest.fr\/blog\/chandeleur-dossier-fete-des-crepes\/\",\"name\":\"\u21d2 Chandeleur 2017. Recette de Crepe & astuces pour la f\u00eate des cr\u00eapes\",\"isPartOf\":{\"@id\":\"https:\/\/www.tempetedelouest.fr\/blog\/#website\"},\"primaryImageOfPage\":{\"@id\":\"https:\/\/www.tempetedelouest.fr\/blog\/chandeleur-dossier-fete-des-crepes\/#primaryimage\"},\"image\":{\"@id\":\"https:\/\/www.tempetedelouest.fr\/blog\/chandeleur-dossier-fete-des-crepes\/#primaryimage\"},\"thumbnailUrl\":\"https:\/\/www.tempetedelouest.fr\/blog\/wp-content\/uploads\/2014\/01\/chandeleur.png\",\"datePublished\":\"2016-01-17T15:57:54+00:00\",\"dateModified\":\"2025-01-14T14:19:01+00:00\",\"author\":{\"@id\":\"https:\/\/www.tempetedelouest.fr\/blog\/#\/schema\/person\/503e256587cb6a291c432298d10c8b4d\"},\"description\":\"Dossier sp\u00e9cial pour f\u00eater la Chandeleur autour d'une soir\u00e9e cr\u00eapes digne de ce nom : cr\u00eapes de froment, galettes, garnitures et conseils.\",\"breadcrumb\":{\"@id\":\"https:\/\/www.tempetedelouest.fr\/blog\/chandeleur-dossier-fete-des-crepes\/#breadcrumb\"},\"inLanguage\":\"fr-FR\",\"potentialAction\":[{\"@type\":\"ReadAction\",\"target\":[\"https:\/\/www.tempetedelouest.fr\/blog\/chandeleur-dossier-fete-des-crepes\/\"]}]},{\"@type\":\"ImageObject\",\"inLanguage\":\"fr-FR\",\"@id\":\"https:\/\/www.tempetedelouest.fr\/blog\/chandeleur-dossier-fete-des-crepes\/#primaryimage\",\"url\":\"https:\/\/www.tempetedelouest.fr\/blog\/wp-content\/uploads\/2014\/01\/chandeleur.png\",\"contentUrl\":\"https:\/\/www.tempetedelouest.fr\/blog\/wp-content\/uploads\/2014\/01\/chandeleur.png\",\"width\":280,\"height\":280},{\"@type\":\"BreadcrumbList\",\"@id\":\"https:\/\/www.tempetedelouest.fr\/blog\/chandeleur-dossier-fete-des-crepes\/#breadcrumb\",\"itemListElement\":[{\"@type\":\"ListItem\",\"position\":1,\"name\":\"Accueil\",\"item\":\"https:\/\/www.tempetedelouest.fr\/blog\/\"},{\"@type\":\"ListItem\",\"position\":2,\"name\":\"Recettes \u00e0 croquer\",\"item\":\"https:\/\/www.tempetedelouest.fr\/blog\/recettes-a-croquer\/\"},{\"@type\":\"ListItem\",\"position\":3,\"name\":\"Chandeleur : le dossier complet pour la F\u00eate des Cr\u00eapes\"}]},{\"@type\":\"WebSite\",\"@id\":\"https:\/\/www.tempetedelouest.fr\/blog\/#website\",\"url\":\"https:\/\/www.tempetedelouest.fr\/blog\/\",\"name\":\"Le blog de Temp\u00eate de l'Ouest !\",\"description\":\"Un raz de mar\u00e9e d&#039;infos sur la gastronomie bretonne\",\"potentialAction\":[{\"@type\":\"SearchAction\",\"target\":{\"@type\":\"EntryPoint\",\"urlTemplate\":\"https:\/\/www.tempetedelouest.fr\/blog\/?s={search_term_string}\"},\"query-input\":{\"@type\":\"PropertyValueSpecification\",\"valueRequired\":true,\"valueName\":\"search_term_string\"}}],\"inLanguage\":\"fr-FR\"},{\"@type\":\"Person\",\"@id\":\"https:\/\/www.tempetedelouest.fr\/blog\/#\/schema\/person\/503e256587cb6a291c432298d10c8b4d\",\"name\":\"Temp\u00eate de l'Ouest\",\"image\":{\"@type\":\"ImageObject\",\"inLanguage\":\"fr-FR\",\"@id\":\"https:\/\/www.tempetedelouest.fr\/blog\/#\/schema\/person\/image\/\",\"url\":\"https:\/\/secure.gravatar.com\/avatar\/78a8fb5799099ec83ef58895aa2111b9001a891ad5105c35ac6b9ca811f91996?s=96&d=mm&r=g\",\"contentUrl\":\"https:\/\/secure.gravatar.com\/avatar\/78a8fb5799099ec83ef58895aa2111b9001a891ad5105c35ac6b9ca811f91996?s=96&d=mm&r=g\",\"caption\":\"Temp\u00eate de l'Ouest\"},\"sameAs\":[\"https:\/\/www.facebook.com\/TempetedeLouest\/\",\"http:\/\/www.pinterest.com\/tempetedelouest\/\",\"https:\/\/x.com\/TempetedeLouest\"]}]}<\/script>\n<!-- \/ Yoast SEO plugin. -->","yoast_head_json":{"title":"\u21d2 Chandeleur 2017. Recette de Crepe & astuces pour la f\u00eate des cr\u00eapes","description":"Dossier sp\u00e9cial pour f\u00eater la Chandeleur autour d'une soir\u00e9e cr\u00eapes digne de ce nom : cr\u00eapes de froment, galettes, garnitures et conseils.","robots":{"index":"index","follow":"follow","max-snippet":"max-snippet:-1","max-image-preview":"max-image-preview:large","max-video-preview":"max-video-preview:-1"},"canonical":"https:\/\/www.tempetedelouest.fr\/blog\/chandeleur-dossier-fete-des-crepes\/","og_locale":"fr_FR","og_type":"article","og_title":"\u21d2 Chandeleur 2017. Recette de Crepe & astuces pour la f\u00eate des cr\u00eapes","og_description":"Dossier sp\u00e9cial pour f\u00eater la Chandeleur autour d'une soir\u00e9e cr\u00eapes digne de ce nom : cr\u00eapes de froment, galettes, garnitures et conseils.","og_url":"https:\/\/www.tempetedelouest.fr\/blog\/chandeleur-dossier-fete-des-crepes\/","og_site_name":"Le blog de Temp\u00eate de l&#039;Ouest !","article_publisher":"https:\/\/www.facebook.com\/TempetedeLouest","article_author":"https:\/\/www.facebook.com\/TempetedeLouest\/","article_published_time":"2016-01-17T15:57:54+00:00","article_modified_time":"2025-01-14T14:19:01+00:00","og_image":[{"width":280,"height":280,"url":"https:\/\/www.tempetedelouest.fr\/blog\/wp-content\/uploads\/2014\/01\/chandeleur.png","type":"image\/png"}],"author":"Temp\u00eate de l'Ouest","twitter_card":"summary_large_image","twitter_creator":"@TempetedeLouest","twitter_site":"@tempetedelouest","twitter_misc":{"\u00c9crit par":"Temp\u00eate de l'Ouest","Dur\u00e9e de lecture estim\u00e9e":"3 minutes"},"schema":{"@context":"https:\/\/schema.org","@graph":[{"@type":"Article","@id":"https:\/\/www.tempetedelouest.fr\/blog\/chandeleur-dossier-fete-des-crepes\/#article","isPartOf":{"@id":"https:\/\/www.tempetedelouest.fr\/blog\/chandeleur-dossier-fete-des-crepes\/"},"author":{"name":"Temp\u00eate de l'Ouest","@id":"https:\/\/www.tempetedelouest.fr\/blog\/#\/schema\/person\/503e256587cb6a291c432298d10c8b4d"},"headline":"Chandeleur : le dossier complet pour la F\u00eate des Cr\u00eapes","datePublished":"2016-01-17T15:57:54+00:00","dateModified":"2025-01-14T14:19:01+00:00","mainEntityOfPage":{"@id":"https:\/\/www.tempetedelouest.fr\/blog\/chandeleur-dossier-fete-des-crepes\/"},"wordCount":542,"commentCount":0,"image":{"@id":"https:\/\/www.tempetedelouest.fr\/blog\/chandeleur-dossier-fete-des-crepes\/#primaryimage"},"thumbnailUrl":"https:\/\/www.tempetedelouest.fr\/blog\/wp-content\/uploads\/2014\/01\/chandeleur.png","keywords":["Chandeleur"],"articleSection":["Recettes \u00e0 croquer"],"inLanguage":"fr-FR","potentialAction":[{"@type":"CommentAction","name":"Comment","target":["https:\/\/www.tempetedelouest.fr\/blog\/chandeleur-dossier-fete-des-crepes\/#respond"]}]},{"@type":"WebPage","@id":"https:\/\/www.tempetedelouest.fr\/blog\/chandeleur-dossier-fete-des-crepes\/","url":"https:\/\/www.tempetedelouest.fr\/blog\/chandeleur-dossier-fete-des-crepes\/","name":"\u21d2 Chandeleur 2017. Recette de Crepe & astuces pour la f\u00eate des cr\u00eapes","isPartOf":{"@id":"https:\/\/www.tempetedelouest.fr\/blog\/#website"},"primaryImageOfPage":{"@id":"https:\/\/www.tempetedelouest.fr\/blog\/chandeleur-dossier-fete-des-crepes\/#primaryimage"},"image":{"@id":"https:\/\/www.tempetedelouest.fr\/blog\/chandeleur-dossier-fete-des-crepes\/#primaryimage"},"thumbnailUrl":"https:\/\/www.tempetedelouest.fr\/blog\/wp-content\/uploads\/2014\/01\/chandeleur.png","datePublished":"2016-01-17T15:57:54+00:00","dateModified":"2025-01-14T14:19:01+00:00","author":{"@id":"https:\/\/www.tempetedelouest.fr\/blog\/#\/schema\/person\/503e256587cb6a291c432298d10c8b4d"},"description":"Dossier sp\u00e9cial pour f\u00eater la Chandeleur autour d'une soir\u00e9e cr\u00eapes digne de ce nom : cr\u00eapes de froment, galettes, garnitures et conseils.","breadcrumb":{"@id":"https:\/\/www.tempetedelouest.fr\/blog\/chandeleur-dossier-fete-des-crepes\/#breadcrumb"},"inLanguage":"fr-FR","potentialAction":[{"@type":"ReadAction","target":["https:\/\/www.tempetedelouest.fr\/blog\/chandeleur-dossier-fete-des-crepes\/"]}]},{"@type":"ImageObject","inLanguage":"fr-FR","@id":"https:\/\/www.tempetedelouest.fr\/blog\/chandeleur-dossier-fete-des-crepes\/#primaryimage","url":"https:\/\/www.tempetedelouest.fr\/blog\/wp-content\/uploads\/2014\/01\/chandeleur.png","contentUrl":"https:\/\/www.tempetedelouest.fr\/blog\/wp-content\/uploads\/2014\/01\/chandeleur.png","width":280,"height":280},{"@type":"BreadcrumbList","@id":"https:\/\/www.tempetedelouest.fr\/blog\/chandeleur-dossier-fete-des-crepes\/#breadcrumb","itemListElement":[{"@type":"ListItem","position":1,"name":"Accueil","item":"https:\/\/www.tempetedelouest.fr\/blog\/"},{"@type":"ListItem","position":2,"name":"Recettes \u00e0 croquer","item":"https:\/\/www.tempetedelouest.fr\/blog\/recettes-a-croquer\/"},{"@type":"ListItem","position":3,"name":"Chandeleur : le dossier complet pour la F\u00eate des Cr\u00eapes"}]},{"@type":"WebSite","@id":"https:\/\/www.tempetedelouest.fr\/blog\/#website","url":"https:\/\/www.tempetedelouest.fr\/blog\/","name":"Le blog de Temp\u00eate de l'Ouest !","description":"Un raz de mar\u00e9e d&#039;infos sur la gastronomie bretonne","potentialAction":[{"@type":"SearchAction","target":{"@type":"EntryPoint","urlTemplate":"https:\/\/www.tempetedelouest.fr\/blog\/?s={search_term_string}"},"query-input":{"@type":"PropertyValueSpecification","valueRequired":true,"valueName":"search_term_string"}}],"inLanguage":"fr-FR"},{"@type":"Person","@id":"https:\/\/www.tempetedelouest.fr\/blog\/#\/schema\/person\/503e256587cb6a291c432298d10c8b4d","name":"Temp\u00eate de l'Ouest","image":{"@type":"ImageObject","inLanguage":"fr-FR","@id":"https:\/\/www.tempetedelouest.fr\/blog\/#\/schema\/person\/image\/","url":"https:\/\/secure.gravatar.com\/avatar\/78a8fb5799099ec83ef58895aa2111b9001a891ad5105c35ac6b9ca811f91996?s=96&d=mm&r=g","contentUrl":"https:\/\/secure.gravatar.com\/avatar\/78a8fb5799099ec83ef58895aa2111b9001a891ad5105c35ac6b9ca811f91996?s=96&d=mm&r=g","caption":"Temp\u00eate de l'Ouest"},"sameAs":["https:\/\/www.facebook.com\/TempetedeLouest\/","http:\/\/www.pinterest.com\/tempetedelouest\/","https:\/\/x.com\/TempetedeLouest"]}]}},"_links":{"self":[{"href":"https:\/\/www.tempetedelouest.fr\/blog\/wp-json\/wp\/v2\/posts\/492","targetHints":{"allow":["GET"]}}],"collection":[{"href":"https:\/\/www.tempetedelouest.fr\/blog\/wp-json\/wp\/v2\/posts"}],"about":[{"href":"https:\/\/www.tempetedelouest.fr\/blog\/wp-json\/wp\/v2\/types\/post"}],"author":[{"embeddable":true,"href":"https:\/\/www.tempetedelouest.fr\/blog\/wp-json\/wp\/v2\/users\/1"}],"replies":[{"embeddable":true,"href":"https:\/\/www.tempetedelouest.fr\/blog\/wp-json\/wp\/v2\/comments?post=492"}],"version-history":[{"count":0,"href":"https:\/\/www.tempetedelouest.fr\/blog\/wp-json\/wp\/v2\/posts\/492\/revisions"}],"wp:featuredmedia":[{"embeddable":true,"href":"https:\/\/www.tempetedelouest.fr\/blog\/wp-json\/wp\/v2\/media\/581"}],"wp:attachment":[{"href":"https:\/\/www.tempetedelouest.fr\/blog\/wp-json\/wp\/v2\/media?parent=492"}],"wp:term":[{"taxonomy":"category","embeddable":true,"href":"https:\/\/www.tempetedelouest.fr\/blog\/wp-json\/wp\/v2\/categories?post=492"},{"taxonomy":"post_tag","embeddable":true,"href":"https:\/\/www.tempetedelouest.fr\/blog\/wp-json\/wp\/v2\/tags?post=492"}],"curies":[{"name":"wp","href":"https:\/\/api.w.org\/{rel}","templated":true}]}}