{"id":41,"date":"2013-08-19T11:43:37","date_gmt":"2013-08-19T10:43:37","guid":{"rendered":"http:\/\/tempetedelouest.fr\/blog\/?p=41"},"modified":"2015-04-21T07:18:49","modified_gmt":"2015-04-21T06:18:49","slug":"premiers-pas","status":"publish","type":"post","link":"https:\/\/www.tempetedelouest.fr\/blog\/premiers-pas\/","title":{"rendered":"Les premiers pas de Temp\u00eate de l&rsquo;Ouest !"},"content":{"rendered":"<p><center><strong>Notez cet article:<\/strong> <span id=\"post-ratings-41\" class=\"post-ratings\" data-nonce=\"51527a3048\"><span class=\"review hreview-aggregate\"><span class=\"rating\"><img decoding=\"async\" id=\"rating_41_1\" src=\"https:\/\/www.tempetedelouest.fr\/blog\/wp-content\/plugins\/wp-postratings\/images\/stars_crystal\/rating_on.gif\" alt=\"1 \u00e9toile\" title=\"1 \u00e9toile\" onmouseover=\"current_rating(41, 1, '1 \u00e9toile');\" onmouseout=\"ratings_off(4.3, 5, 0);\" onclick=\"rate_post();\" onkeypress=\"rate_post();\" style=\"cursor: pointer; border: 0px;\" \/><img decoding=\"async\" id=\"rating_41_2\" src=\"https:\/\/www.tempetedelouest.fr\/blog\/wp-content\/plugins\/wp-postratings\/images\/stars_crystal\/rating_on.gif\" alt=\"2 \u00e9toiles\" title=\"2 \u00e9toiles\" onmouseover=\"current_rating(41, 2, '2 \u00e9toiles');\" onmouseout=\"ratings_off(4.3, 5, 0);\" onclick=\"rate_post();\" onkeypress=\"rate_post();\" style=\"cursor: pointer; border: 0px;\" \/><img decoding=\"async\" id=\"rating_41_3\" src=\"https:\/\/www.tempetedelouest.fr\/blog\/wp-content\/plugins\/wp-postratings\/images\/stars_crystal\/rating_on.gif\" alt=\"3 \u00e9toiles\" title=\"3 \u00e9toiles\" onmouseover=\"current_rating(41, 3, '3 \u00e9toiles');\" onmouseout=\"ratings_off(4.3, 5, 0);\" onclick=\"rate_post();\" onkeypress=\"rate_post();\" style=\"cursor: pointer; border: 0px;\" \/><img decoding=\"async\" id=\"rating_41_4\" src=\"https:\/\/www.tempetedelouest.fr\/blog\/wp-content\/plugins\/wp-postratings\/images\/stars_crystal\/rating_on.gif\" alt=\"4 \u00e9toiles\" title=\"4 \u00e9toiles\" onmouseover=\"current_rating(41, 4, '4 \u00e9toiles');\" onmouseout=\"ratings_off(4.3, 5, 0);\" onclick=\"rate_post();\" onkeypress=\"rate_post();\" style=\"cursor: pointer; border: 0px;\" \/><img decoding=\"async\" id=\"rating_41_5\" src=\"https:\/\/www.tempetedelouest.fr\/blog\/wp-content\/plugins\/wp-postratings\/images\/stars_crystal\/rating_half.gif\" alt=\"5 \u00e9toiles\" title=\"5 \u00e9toiles\" onmouseover=\"current_rating(41, 5, '5 \u00e9toiles');\" onmouseout=\"ratings_off(4.3, 5, 0);\" onclick=\"rate_post();\" onkeypress=\"rate_post();\" style=\"cursor: pointer; border: 0px;\" \/> <span class=\"count\">8<\/span>  votes | moyenne: <span class=\"average\">4,25<\/span>  sur 5 <span class=\"post-ratings-text\" id=\"ratings_41_text\"><\/span>\r\n<\/span><\/span><\/span><span id=\"post-ratings-41-loading\" class=\"post-ratings-loading\"><img loading=\"lazy\" decoding=\"async\" src=\"https:\/\/www.tempetedelouest.fr\/blog\/wp-content\/plugins\/wp-postratings\/images\/loading.gif\" width=\"16\" height=\"16\" class=\"post-ratings-image\" \/>Loading...<\/span><\/center><br \/>\n&nbsp;<\/p>\n<p style=\"text-align: justify;\">Nous y sommes presque ! Apr\u00e8s des mois de travail, de r\u00e9flexion, de recherche de bons produits, de \u00ab\u00a0compta casse-t\u00eate\u00a0\u00bb, notre projet Temp\u00eate de l&rsquo;Ouest commence \u00e0 prendre forme !<\/p>\n<p style=\"text-align: justify;\">Ca fait un petit moment que l&rsquo;id\u00e9e nous trottait dans la t\u00eate, car nous sommes vraiment attach\u00e9s \u00e0 notre r\u00e9gion bretonne, nous adorons la bonne gastronomie et nous avons aussi la passion du e-commerce et du web dans la peau ! Tous ces crit\u00e8res r\u00e9unis nous ont donc men\u00e9s \u00e0 monter ce projet de boutique en ligne de produits bretons (et pas n&rsquo;importe quels produits !)<\/p>\n<p style=\"text-align: justify;\">Allez, il est temps de nous pr\u00e9senter quand m\u00eame \ud83d\ude42 : nous sommes 2 dans ce projet, d&rsquo;un c\u00f4t\u00e9 il y a Jordan, que la Bretagne a adopt\u00e9 depuis quelques ann\u00e9es, et Elsa qui n&rsquo;a quasiment pas quitt\u00e9 sa ch\u00e8re et tendre r\u00e9gion depuis la naissance. Nous avons tous les 2 baign\u00e9s dans le milieu du e-commerce depuis nos \u00e9tudes et nous croyons dur comme fer \u00e0 l&rsquo;essor de ce secteur. D&rsquo;ailleurs nous sommes de vrais accros au e-commerce et d\u00e8s qu&rsquo;il s&rsquo;agit d&rsquo;acheter (que ce soit nos courses, des cadeaux ou des v\u00eatements), on s&rsquo;arme de notre souris, de notre clavier et c&rsquo;est parti ! Et ce sont ces exp\u00e9riences aussi bien professionnelles que personnelles qui nous ont rendus perfectionnistes et soucieux de bien faire. C&rsquo;est vrai qu&rsquo;il n&rsquo;y a rien de plus aga\u00e7ant que de commander sur internet et de voir sa commande annul\u00e9e, sa livraison retard\u00e9e d&rsquo;une semaine, son produit d\u00e9t\u00e9rior\u00e9 quand on d\u00e9balle son colis, etc. Satisfaction, c&rsquo;est notre mot d&rsquo;ordre avant tout !<\/p>\n<p style=\"text-align: justify;\">Alors voila, il nous reste encore quelques briques \u00e0 empiler avant que le projet Temp\u00eate de l&rsquo;Ouest se concr\u00e9tise : cr\u00e9er la soci\u00e9t\u00e9, commander les produits que nous avons choisis, les emballages et finaliser la boutique en ligne dans les moindres d\u00e9tails.<\/p>\n<p style=\"text-align: justify;\">Pour ce qui est des produits, nous avons pass\u00e9 beaucoup de temps \u00e0 les choisir : sucr\u00e9, sal\u00e9, alcoolis\u00e9, tous ces produits sont fabriqu\u00e9s par plusieurs producteurs locaux soucieux des mati\u00e8res premi\u00e8res qu&rsquo;ils utilisent (et c&rsquo;est bien \u00e7a qui est primordial pour nous, pas question de vendre des cochonneries \u00e0 bas prix bourr\u00e9es de produits chimiques et de saveurs artificielles ou encore des g\u00e2teaux bretons \u00e0 base de simili-beurre en poudre [oh \u00e7a doit bien exister \u00e7a le beurre artificiel !]). En plus, tous ces produits sont tr\u00e8s joliment pr\u00e9sent\u00e9s. Il y aura aussi de la vaisselle, des drapeaux bretons, des ustensiles originaux, et un tas de choses \ud83d\ude09 Bref, on br\u00fble d&rsquo;impatience de voir ce projet se concr\u00e9tiser, viiite !<\/p>\n<p>A suivre pour de nouvelles aventures&#8230;<\/p>\n<p style=\"text-align: right;\"><em>Les matelots de Temp\u00eate de l&rsquo;Ouest<\/em><\/p>\n","protected":false},"excerpt":{"rendered":"<p>Notez cet article: &nbsp; Nous y sommes presque ! Apr\u00e8s des mois de travail, de r\u00e9flexion, de recherche de bons produits, de \u00ab\u00a0compta casse-t\u00eate\u00a0\u00bb, notre projet Temp\u00eate de l&rsquo;Ouest commence \u00e0 prendre forme ! Ca fait un petit moment que l&rsquo;id\u00e9e nous trottait dans la t\u00eate, car nous sommes vraiment attach\u00e9s \u00e0 notre r\u00e9gion bretonne, [&#8230;]\n","protected":false},"author":1,"featured_media":48,"comment_status":"open","ping_status":"open","sticky":false,"template":"","format":"standard","meta":{"footnotes":""},"categories":[3],"tags":[],"class_list":["post-41","post","type-post","status-publish","format-standard","has-post-thumbnail","hentry","category-la-vie-de-e-commercant"],"yoast_head":"<!-- This site is optimized with the Yoast SEO plugin v27.1.1 - https:\/\/yoast.com\/product\/yoast-seo-wordpress\/ -->\n<title>Le d\u00e9but de l&#039;aventure pour Temp\u00eate de l&#039;Ouest : premiers pas<\/title>\n<meta name=\"description\" content=\"Si vous aimez les aventures entrepreneuriales, je vous invite \u00e0 suivre notre s\u00e9rie d&#039;articles sur la cr\u00e9ation et le suivi de Temp\u00eate de l&#039;Ouest.\" \/>\n<meta name=\"robots\" content=\"index, follow, max-snippet:-1, max-image-preview:large, max-video-preview:-1\" \/>\n<link rel=\"canonical\" href=\"https:\/\/www.tempetedelouest.fr\/blog\/premiers-pas\/\" \/>\n<meta property=\"og:locale\" content=\"fr_FR\" \/>\n<meta property=\"og:type\" content=\"article\" \/>\n<meta property=\"og:title\" content=\"Le d\u00e9but de l&#039;aventure pour Temp\u00eate de l&#039;Ouest : premiers pas\" \/>\n<meta property=\"og:description\" content=\"Si vous aimez les aventures entrepreneuriales, je vous invite \u00e0 suivre notre s\u00e9rie d&#039;articles sur la cr\u00e9ation et le suivi de Temp\u00eate de l&#039;Ouest.\" \/>\n<meta property=\"og:url\" content=\"https:\/\/www.tempetedelouest.fr\/blog\/premiers-pas\/\" \/>\n<meta property=\"og:site_name\" content=\"Le blog de Temp\u00eate de l&#039;Ouest !\" \/>\n<meta property=\"article:publisher\" content=\"https:\/\/www.facebook.com\/TempetedeLouest\" \/>\n<meta property=\"article:author\" content=\"https:\/\/www.facebook.com\/TempetedeLouest\/\" \/>\n<meta property=\"article:published_time\" content=\"2013-08-19T10:43:37+00:00\" \/>\n<meta property=\"article:modified_time\" content=\"2015-04-21T06:18:49+00:00\" \/>\n<meta property=\"og:image\" content=\"https:\/\/www.tempetedelouest.fr\/blog\/wp-content\/uploads\/2013\/08\/post_standard.jpg\" \/>\n\t<meta property=\"og:image:width\" content=\"600\" \/>\n\t<meta property=\"og:image:height\" content=\"600\" \/>\n\t<meta property=\"og:image:type\" content=\"image\/jpeg\" \/>\n<meta name=\"author\" content=\"Temp\u00eate de l&#039;Ouest\" \/>\n<meta name=\"twitter:card\" content=\"summary_large_image\" \/>\n<meta name=\"twitter:creator\" content=\"@TempetedeLouest\" \/>\n<meta name=\"twitter:site\" content=\"@tempetedelouest\" \/>\n<meta name=\"twitter:label1\" content=\"\u00c9crit par\" \/>\n\t<meta name=\"twitter:data1\" content=\"Temp\u00eate de l&#039;Ouest\" \/>\n\t<meta name=\"twitter:label2\" content=\"Dur\u00e9e de lecture estim\u00e9e\" \/>\n\t<meta name=\"twitter:data2\" content=\"2 minutes\" \/>\n<script type=\"application\/ld+json\" class=\"yoast-schema-graph\">{\"@context\":\"https:\/\/schema.org\",\"@graph\":[{\"@type\":\"Article\",\"@id\":\"https:\/\/www.tempetedelouest.fr\/blog\/premiers-pas\/#article\",\"isPartOf\":{\"@id\":\"https:\/\/www.tempetedelouest.fr\/blog\/premiers-pas\/\"},\"author\":{\"name\":\"Temp\u00eate de l'Ouest\",\"@id\":\"https:\/\/www.tempetedelouest.fr\/blog\/#\/schema\/person\/503e256587cb6a291c432298d10c8b4d\"},\"headline\":\"Les premiers pas de Temp\u00eate de l&rsquo;Ouest !\",\"datePublished\":\"2013-08-19T10:43:37+00:00\",\"dateModified\":\"2015-04-21T06:18:49+00:00\",\"mainEntityOfPage\":{\"@id\":\"https:\/\/www.tempetedelouest.fr\/blog\/premiers-pas\/\"},\"wordCount\":496,\"commentCount\":0,\"image\":{\"@id\":\"https:\/\/www.tempetedelouest.fr\/blog\/premiers-pas\/#primaryimage\"},\"thumbnailUrl\":\"https:\/\/www.tempetedelouest.fr\/blog\/wp-content\/uploads\/2013\/08\/post_standard.jpg\",\"articleSection\":[\"La vie de e-commercant\"],\"inLanguage\":\"fr-FR\",\"potentialAction\":[{\"@type\":\"CommentAction\",\"name\":\"Comment\",\"target\":[\"https:\/\/www.tempetedelouest.fr\/blog\/premiers-pas\/#respond\"]}]},{\"@type\":\"WebPage\",\"@id\":\"https:\/\/www.tempetedelouest.fr\/blog\/premiers-pas\/\",\"url\":\"https:\/\/www.tempetedelouest.fr\/blog\/premiers-pas\/\",\"name\":\"Le d\u00e9but de l'aventure pour Temp\u00eate de l'Ouest : premiers pas\",\"isPartOf\":{\"@id\":\"https:\/\/www.tempetedelouest.fr\/blog\/#website\"},\"primaryImageOfPage\":{\"@id\":\"https:\/\/www.tempetedelouest.fr\/blog\/premiers-pas\/#primaryimage\"},\"image\":{\"@id\":\"https:\/\/www.tempetedelouest.fr\/blog\/premiers-pas\/#primaryimage\"},\"thumbnailUrl\":\"https:\/\/www.tempetedelouest.fr\/blog\/wp-content\/uploads\/2013\/08\/post_standard.jpg\",\"datePublished\":\"2013-08-19T10:43:37+00:00\",\"dateModified\":\"2015-04-21T06:18:49+00:00\",\"author\":{\"@id\":\"https:\/\/www.tempetedelouest.fr\/blog\/#\/schema\/person\/503e256587cb6a291c432298d10c8b4d\"},\"description\":\"Si vous aimez les aventures entrepreneuriales, je vous invite \u00e0 suivre notre s\u00e9rie d'articles sur la cr\u00e9ation et le suivi de Temp\u00eate de l'Ouest.\",\"breadcrumb\":{\"@id\":\"https:\/\/www.tempetedelouest.fr\/blog\/premiers-pas\/#breadcrumb\"},\"inLanguage\":\"fr-FR\",\"potentialAction\":[{\"@type\":\"ReadAction\",\"target\":[\"https:\/\/www.tempetedelouest.fr\/blog\/premiers-pas\/\"]}]},{\"@type\":\"ImageObject\",\"inLanguage\":\"fr-FR\",\"@id\":\"https:\/\/www.tempetedelouest.fr\/blog\/premiers-pas\/#primaryimage\",\"url\":\"https:\/\/www.tempetedelouest.fr\/blog\/wp-content\/uploads\/2013\/08\/post_standard.jpg\",\"contentUrl\":\"https:\/\/www.tempetedelouest.fr\/blog\/wp-content\/uploads\/2013\/08\/post_standard.jpg\",\"width\":600,\"height\":600},{\"@type\":\"BreadcrumbList\",\"@id\":\"https:\/\/www.tempetedelouest.fr\/blog\/premiers-pas\/#breadcrumb\",\"itemListElement\":[{\"@type\":\"ListItem\",\"position\":1,\"name\":\"Accueil\",\"item\":\"https:\/\/www.tempetedelouest.fr\/blog\/\"},{\"@type\":\"ListItem\",\"position\":2,\"name\":\"La vie de e-commercant\",\"item\":\"https:\/\/www.tempetedelouest.fr\/blog\/la-vie-de-e-commercant\/\"},{\"@type\":\"ListItem\",\"position\":3,\"name\":\"Les premiers pas de Temp\u00eate de l&rsquo;Ouest !\"}]},{\"@type\":\"WebSite\",\"@id\":\"https:\/\/www.tempetedelouest.fr\/blog\/#website\",\"url\":\"https:\/\/www.tempetedelouest.fr\/blog\/\",\"name\":\"Le blog de Temp\u00eate de l'Ouest !\",\"description\":\"Un raz de mar\u00e9e d&#039;infos sur la gastronomie bretonne\",\"potentialAction\":[{\"@type\":\"SearchAction\",\"target\":{\"@type\":\"EntryPoint\",\"urlTemplate\":\"https:\/\/www.tempetedelouest.fr\/blog\/?s={search_term_string}\"},\"query-input\":{\"@type\":\"PropertyValueSpecification\",\"valueRequired\":true,\"valueName\":\"search_term_string\"}}],\"inLanguage\":\"fr-FR\"},{\"@type\":\"Person\",\"@id\":\"https:\/\/www.tempetedelouest.fr\/blog\/#\/schema\/person\/503e256587cb6a291c432298d10c8b4d\",\"name\":\"Temp\u00eate de l'Ouest\",\"image\":{\"@type\":\"ImageObject\",\"inLanguage\":\"fr-FR\",\"@id\":\"https:\/\/www.tempetedelouest.fr\/blog\/#\/schema\/person\/image\/\",\"url\":\"https:\/\/secure.gravatar.com\/avatar\/78a8fb5799099ec83ef58895aa2111b9001a891ad5105c35ac6b9ca811f91996?s=96&d=mm&r=g\",\"contentUrl\":\"https:\/\/secure.gravatar.com\/avatar\/78a8fb5799099ec83ef58895aa2111b9001a891ad5105c35ac6b9ca811f91996?s=96&d=mm&r=g\",\"caption\":\"Temp\u00eate de l'Ouest\"},\"sameAs\":[\"https:\/\/www.facebook.com\/TempetedeLouest\/\",\"http:\/\/www.pinterest.com\/tempetedelouest\/\",\"https:\/\/x.com\/TempetedeLouest\"]}]}<\/script>\n<!-- \/ Yoast SEO plugin. -->","yoast_head_json":{"title":"Le d\u00e9but de l'aventure pour Temp\u00eate de l'Ouest : premiers pas","description":"Si vous aimez les aventures entrepreneuriales, je vous invite \u00e0 suivre notre s\u00e9rie d'articles sur la cr\u00e9ation et le suivi de Temp\u00eate de l'Ouest.","robots":{"index":"index","follow":"follow","max-snippet":"max-snippet:-1","max-image-preview":"max-image-preview:large","max-video-preview":"max-video-preview:-1"},"canonical":"https:\/\/www.tempetedelouest.fr\/blog\/premiers-pas\/","og_locale":"fr_FR","og_type":"article","og_title":"Le d\u00e9but de l'aventure pour Temp\u00eate de l'Ouest : premiers pas","og_description":"Si vous aimez les aventures entrepreneuriales, je vous invite \u00e0 suivre notre s\u00e9rie d'articles sur la cr\u00e9ation et le suivi de Temp\u00eate de l'Ouest.","og_url":"https:\/\/www.tempetedelouest.fr\/blog\/premiers-pas\/","og_site_name":"Le blog de Temp\u00eate de l&#039;Ouest !","article_publisher":"https:\/\/www.facebook.com\/TempetedeLouest","article_author":"https:\/\/www.facebook.com\/TempetedeLouest\/","article_published_time":"2013-08-19T10:43:37+00:00","article_modified_time":"2015-04-21T06:18:49+00:00","og_image":[{"width":600,"height":600,"url":"https:\/\/www.tempetedelouest.fr\/blog\/wp-content\/uploads\/2013\/08\/post_standard.jpg","type":"image\/jpeg"}],"author":"Temp\u00eate de l'Ouest","twitter_card":"summary_large_image","twitter_creator":"@TempetedeLouest","twitter_site":"@tempetedelouest","twitter_misc":{"\u00c9crit par":"Temp\u00eate de l'Ouest","Dur\u00e9e de lecture estim\u00e9e":"2 minutes"},"schema":{"@context":"https:\/\/schema.org","@graph":[{"@type":"Article","@id":"https:\/\/www.tempetedelouest.fr\/blog\/premiers-pas\/#article","isPartOf":{"@id":"https:\/\/www.tempetedelouest.fr\/blog\/premiers-pas\/"},"author":{"name":"Temp\u00eate de l'Ouest","@id":"https:\/\/www.tempetedelouest.fr\/blog\/#\/schema\/person\/503e256587cb6a291c432298d10c8b4d"},"headline":"Les premiers pas de Temp\u00eate de l&rsquo;Ouest !","datePublished":"2013-08-19T10:43:37+00:00","dateModified":"2015-04-21T06:18:49+00:00","mainEntityOfPage":{"@id":"https:\/\/www.tempetedelouest.fr\/blog\/premiers-pas\/"},"wordCount":496,"commentCount":0,"image":{"@id":"https:\/\/www.tempetedelouest.fr\/blog\/premiers-pas\/#primaryimage"},"thumbnailUrl":"https:\/\/www.tempetedelouest.fr\/blog\/wp-content\/uploads\/2013\/08\/post_standard.jpg","articleSection":["La vie de e-commercant"],"inLanguage":"fr-FR","potentialAction":[{"@type":"CommentAction","name":"Comment","target":["https:\/\/www.tempetedelouest.fr\/blog\/premiers-pas\/#respond"]}]},{"@type":"WebPage","@id":"https:\/\/www.tempetedelouest.fr\/blog\/premiers-pas\/","url":"https:\/\/www.tempetedelouest.fr\/blog\/premiers-pas\/","name":"Le d\u00e9but de l'aventure pour Temp\u00eate de l'Ouest : premiers pas","isPartOf":{"@id":"https:\/\/www.tempetedelouest.fr\/blog\/#website"},"primaryImageOfPage":{"@id":"https:\/\/www.tempetedelouest.fr\/blog\/premiers-pas\/#primaryimage"},"image":{"@id":"https:\/\/www.tempetedelouest.fr\/blog\/premiers-pas\/#primaryimage"},"thumbnailUrl":"https:\/\/www.tempetedelouest.fr\/blog\/wp-content\/uploads\/2013\/08\/post_standard.jpg","datePublished":"2013-08-19T10:43:37+00:00","dateModified":"2015-04-21T06:18:49+00:00","author":{"@id":"https:\/\/www.tempetedelouest.fr\/blog\/#\/schema\/person\/503e256587cb6a291c432298d10c8b4d"},"description":"Si vous aimez les aventures entrepreneuriales, je vous invite \u00e0 suivre notre s\u00e9rie d'articles sur la cr\u00e9ation et le suivi de Temp\u00eate de l'Ouest.","breadcrumb":{"@id":"https:\/\/www.tempetedelouest.fr\/blog\/premiers-pas\/#breadcrumb"},"inLanguage":"fr-FR","potentialAction":[{"@type":"ReadAction","target":["https:\/\/www.tempetedelouest.fr\/blog\/premiers-pas\/"]}]},{"@type":"ImageObject","inLanguage":"fr-FR","@id":"https:\/\/www.tempetedelouest.fr\/blog\/premiers-pas\/#primaryimage","url":"https:\/\/www.tempetedelouest.fr\/blog\/wp-content\/uploads\/2013\/08\/post_standard.jpg","contentUrl":"https:\/\/www.tempetedelouest.fr\/blog\/wp-content\/uploads\/2013\/08\/post_standard.jpg","width":600,"height":600},{"@type":"BreadcrumbList","@id":"https:\/\/www.tempetedelouest.fr\/blog\/premiers-pas\/#breadcrumb","itemListElement":[{"@type":"ListItem","position":1,"name":"Accueil","item":"https:\/\/www.tempetedelouest.fr\/blog\/"},{"@type":"ListItem","position":2,"name":"La vie de e-commercant","item":"https:\/\/www.tempetedelouest.fr\/blog\/la-vie-de-e-commercant\/"},{"@type":"ListItem","position":3,"name":"Les premiers pas de Temp\u00eate de l&rsquo;Ouest !"}]},{"@type":"WebSite","@id":"https:\/\/www.tempetedelouest.fr\/blog\/#website","url":"https:\/\/www.tempetedelouest.fr\/blog\/","name":"Le blog de Temp\u00eate de l'Ouest !","description":"Un raz de mar\u00e9e d&#039;infos sur la gastronomie bretonne","potentialAction":[{"@type":"SearchAction","target":{"@type":"EntryPoint","urlTemplate":"https:\/\/www.tempetedelouest.fr\/blog\/?s={search_term_string}"},"query-input":{"@type":"PropertyValueSpecification","valueRequired":true,"valueName":"search_term_string"}}],"inLanguage":"fr-FR"},{"@type":"Person","@id":"https:\/\/www.tempetedelouest.fr\/blog\/#\/schema\/person\/503e256587cb6a291c432298d10c8b4d","name":"Temp\u00eate de l'Ouest","image":{"@type":"ImageObject","inLanguage":"fr-FR","@id":"https:\/\/www.tempetedelouest.fr\/blog\/#\/schema\/person\/image\/","url":"https:\/\/secure.gravatar.com\/avatar\/78a8fb5799099ec83ef58895aa2111b9001a891ad5105c35ac6b9ca811f91996?s=96&d=mm&r=g","contentUrl":"https:\/\/secure.gravatar.com\/avatar\/78a8fb5799099ec83ef58895aa2111b9001a891ad5105c35ac6b9ca811f91996?s=96&d=mm&r=g","caption":"Temp\u00eate de l'Ouest"},"sameAs":["https:\/\/www.facebook.com\/TempetedeLouest\/","http:\/\/www.pinterest.com\/tempetedelouest\/","https:\/\/x.com\/TempetedeLouest"]}]}},"_links":{"self":[{"href":"https:\/\/www.tempetedelouest.fr\/blog\/wp-json\/wp\/v2\/posts\/41","targetHints":{"allow":["GET"]}}],"collection":[{"href":"https:\/\/www.tempetedelouest.fr\/blog\/wp-json\/wp\/v2\/posts"}],"about":[{"href":"https:\/\/www.tempetedelouest.fr\/blog\/wp-json\/wp\/v2\/types\/post"}],"author":[{"embeddable":true,"href":"https:\/\/www.tempetedelouest.fr\/blog\/wp-json\/wp\/v2\/users\/1"}],"replies":[{"embeddable":true,"href":"https:\/\/www.tempetedelouest.fr\/blog\/wp-json\/wp\/v2\/comments?post=41"}],"version-history":[{"count":0,"href":"https:\/\/www.tempetedelouest.fr\/blog\/wp-json\/wp\/v2\/posts\/41\/revisions"}],"wp:featuredmedia":[{"embeddable":true,"href":"https:\/\/www.tempetedelouest.fr\/blog\/wp-json\/wp\/v2\/media\/48"}],"wp:attachment":[{"href":"https:\/\/www.tempetedelouest.fr\/blog\/wp-json\/wp\/v2\/media?parent=41"}],"wp:term":[{"taxonomy":"category","embeddable":true,"href":"https:\/\/www.tempetedelouest.fr\/blog\/wp-json\/wp\/v2\/categories?post=41"},{"taxonomy":"post_tag","embeddable":true,"href":"https:\/\/www.tempetedelouest.fr\/blog\/wp-json\/wp\/v2\/tags?post=41"}],"curies":[{"name":"wp","href":"https:\/\/api.w.org\/{rel}","templated":true}]}}