{"id":248,"date":"2013-11-16T14:58:05","date_gmt":"2013-11-16T13:58:05","guid":{"rendered":"http:\/\/tempetedelouest.fr\/blog\/?p=248"},"modified":"2023-03-21T20:59:55","modified_gmt":"2023-03-21T19:59:55","slug":"lady-breizh","status":"publish","type":"post","link":"https:\/\/www.tempetedelouest.fr\/blog\/lady-breizh\/","title":{"rendered":"Interview de Lady Breizh : une bloggueuse bretonne"},"content":{"rendered":"<p><center><strong>Notez cet article:<\/strong> <span id=\"post-ratings-248\" class=\"post-ratings\" data-nonce=\"b34e3f5c06\"><span class=\"review hreview-aggregate\"><span class=\"rating\"><img decoding=\"async\" id=\"rating_248_1\" src=\"https:\/\/www.tempetedelouest.fr\/blog\/wp-content\/plugins\/wp-postratings\/images\/stars_crystal\/rating_on.gif\" alt=\"1 \u00e9toile\" title=\"1 \u00e9toile\" onmouseover=\"current_rating(248, 1, '1 \u00e9toile');\" onmouseout=\"ratings_off(3.8, 4, 0);\" onclick=\"rate_post();\" onkeypress=\"rate_post();\" style=\"cursor: pointer; border: 0px;\" \/><img decoding=\"async\" id=\"rating_248_2\" src=\"https:\/\/www.tempetedelouest.fr\/blog\/wp-content\/plugins\/wp-postratings\/images\/stars_crystal\/rating_on.gif\" alt=\"2 \u00e9toiles\" title=\"2 \u00e9toiles\" onmouseover=\"current_rating(248, 2, '2 \u00e9toiles');\" onmouseout=\"ratings_off(3.8, 4, 0);\" onclick=\"rate_post();\" onkeypress=\"rate_post();\" style=\"cursor: pointer; border: 0px;\" \/><img decoding=\"async\" id=\"rating_248_3\" src=\"https:\/\/www.tempetedelouest.fr\/blog\/wp-content\/plugins\/wp-postratings\/images\/stars_crystal\/rating_on.gif\" alt=\"3 \u00e9toiles\" title=\"3 \u00e9toiles\" onmouseover=\"current_rating(248, 3, '3 \u00e9toiles');\" onmouseout=\"ratings_off(3.8, 4, 0);\" onclick=\"rate_post();\" onkeypress=\"rate_post();\" style=\"cursor: pointer; border: 0px;\" \/><img decoding=\"async\" id=\"rating_248_4\" src=\"https:\/\/www.tempetedelouest.fr\/blog\/wp-content\/plugins\/wp-postratings\/images\/stars_crystal\/rating_half.gif\" alt=\"4 \u00e9toiles\" title=\"4 \u00e9toiles\" onmouseover=\"current_rating(248, 4, '4 \u00e9toiles');\" onmouseout=\"ratings_off(3.8, 4, 0);\" onclick=\"rate_post();\" onkeypress=\"rate_post();\" style=\"cursor: pointer; border: 0px;\" \/><img decoding=\"async\" id=\"rating_248_5\" src=\"https:\/\/www.tempetedelouest.fr\/blog\/wp-content\/plugins\/wp-postratings\/images\/stars_crystal\/rating_off.gif\" alt=\"5 \u00e9toiles\" title=\"5 \u00e9toiles\" onmouseover=\"current_rating(248, 5, '5 \u00e9toiles');\" onmouseout=\"ratings_off(3.8, 4, 0);\" onclick=\"rate_post();\" onkeypress=\"rate_post();\" style=\"cursor: pointer; border: 0px;\" \/> <span class=\"count\">6<\/span>  votes | moyenne: <span class=\"average\">3,83<\/span>  sur 5 <span class=\"post-ratings-text\" id=\"ratings_248_text\"><\/span>\r\n<\/span><\/span><\/span><span id=\"post-ratings-248-loading\" class=\"post-ratings-loading\"><img loading=\"lazy\" decoding=\"async\" src=\"https:\/\/www.tempetedelouest.fr\/blog\/wp-content\/plugins\/wp-postratings\/images\/loading.gif\" width=\"16\" height=\"16\" class=\"post-ratings-image\" \/>Loading...<\/span><\/center>&nbsp;<\/p>\n<div id=\"interview\" style=\"border: 1px dashed #C4C8E6;\">\n<div class=\"interview-meta\">\n<p class=\"fn\" style=\"text-align: center; font-family: Pacifico; font-size: 18px;\">Breizh Interview n\u00b01<\/p>\n<div class=\"interview-photo\"><a href=\"http:\/\/www.ladybreizh.bzh\" target=\"_blank\" rel=\"noopener\"><img loading=\"lazy\" decoding=\"async\" class=\"alignright size-full wp-image-274\" src=\"https:\/\/www.tempetedelouest.fr\/blog\/wp-content\/uploads\/2013\/11\/lady-breizh-logo.jpg\" alt=\"lady-breizh-logo\" width=\"200\" height=\"140\" \/><\/a><\/div>\n<ul>\n<li class=\"nom\"><strong>NOM:<\/strong>\u00a0Lady Breizy<\/li>\n<li class=\"activite\"><strong>ACTIVITE:<\/strong>\u00a0bloggeuse<\/li>\n<li class=\"site\"><span class=\"value-title\" title=\"PT10M\"><b>SITE:\u00a0<\/b><a href=\"http:\/\/www.ladybreizh.bzh\" target=\"_blank\" rel=\"noopener\">www.ladybreizh.com<\/a><\/span><\/li>\n<li class=\"reseaux\"><b>SES RESEAUX:<\/b>\n<div class=\"reseaux-interview\"><a style=\"color: #005580; text-decoration: underline; text-align: start;\" href=\"http:\/\/www.facebook.com\/ladybreizh\" target=\"_blank\" rel=\"noopener\"><img loading=\"lazy\" decoding=\"async\" class=\"alignleft  wp-image-252\" src=\"https:\/\/www.tempetedelouest.fr\/blog\/wp-content\/uploads\/2013\/11\/facebook.jpg\" alt=\"facebook\" width=\"27\" height=\"27\" \/><\/a><a href=\"http:\/\/twitter.com\/ladybreizh\" target=\"_blank\" rel=\"noopener\"><img loading=\"lazy\" decoding=\"async\" class=\"alignleft  wp-image-253\" src=\"https:\/\/www.tempetedelouest.fr\/blog\/wp-content\/uploads\/2013\/11\/Twitter.jpg\" alt=\"Twitter\" width=\"27\" height=\"27\" \/><\/a><a href=\"http:\/\/pinterest.com\/ladybreizh\/\" target=\"_blank\" rel=\"noopener\"><img loading=\"lazy\" decoding=\"async\" class=\"alignleft  wp-image-254\" src=\"https:\/\/www.tempetedelouest.fr\/blog\/wp-content\/uploads\/2013\/11\/Pinterest.jpg\" alt=\"Pinterest\" width=\"27\" height=\"27\" \/><\/a><img loading=\"lazy\" decoding=\"async\" class=\"alignleft  wp-image-255\" src=\"https:\/\/www.tempetedelouest.fr\/blog\/wp-content\/uploads\/2013\/11\/hellocoton_001.jpg\" alt=\"hellocoton_001\" width=\"27\" height=\"27\" \/><img loading=\"lazy\" decoding=\"async\" class=\"alignleft  wp-image-256\" src=\"https:\/\/www.tempetedelouest.fr\/blog\/wp-content\/uploads\/2013\/11\/instagram.jpg\" alt=\"instagram\" width=\"27\" height=\"27\" \/><\/div>\n<\/li>\n<\/ul>\n<\/div>\n<div id=\"contenu-interview\" style=\"padding: 5px;\">\n<p style=\"text-align: justify;\">Pour cette premi\u00e8re Breizh interview, j&rsquo;ai voulu en savoir un peu plus sur une bloggueuse qui r\u00e9dige r\u00e9guli\u00e8rement des articles divers et vari\u00e9s sur notre ch\u00e8re Bretagne, que l&rsquo;on connait sous le nom de Lady Breizh. Si vous \u00eates une femme et que vous aimez la Bretagne, alors vous devriez sans doute appr\u00e9cier votre visite sur son blog \ud83d\ude09 Le blog en question, vous le trouverez ici : <a href=\"http:\/\/www.ladybreizh.bzh\" target=\"_blank\" rel=\"noopener\">www.ladybreizh.com<\/a>. D\u00e9couvrez-en un peu plus sur cette bloggueuse des plus sympathiques qui a accept\u00e9 avec gentillesse de r\u00e9pondre \u00e0 mes quelques questions !<\/p>\n<p>&nbsp;<\/p>\n<p style=\"text-align: justify;\"><strong>1) Pouvez-vous vous pr\u00e9senter bri\u00e8vement : d&rsquo;o\u00f9 \u00eates-vous originaire et \u00e9ventuellement quelques anecdotes sur vous ?<\/strong><br \/>\n\u00ab Je m&rsquo;appelle Florence, j&rsquo;approche le quart de si\u00e8cle et dans la \u00ab\u00a0vraie\u00a0\u00bb vie, je suis charg\u00e9e de communication. Bigoud\u00e8ne d&rsquo;origine, de Penmarc&rsquo;h plus exactement, je suis une amoureuse inconditionnelle de la Bretagne. T\u00eatue comme tous les Bretons, f\u00e9ministe comme toutes les bigoud\u00e8nes rebelles, mais avec un c\u0153ur grand comme Quimper, j&rsquo;aime partager mes bons plans en Bretagne et dans le monde. \u00bb<\/p>\n<p>&nbsp;<\/p>\n<p style=\"text-align: justify;\"><strong>2) Depuis combien de temps blogguez-vous et comment avez-vous pris go\u00fbt au blogging ?<\/strong><br \/>\n\u00ab Lady Breizh est n\u00e9e en octobre 2012. J&rsquo;ai commenc\u00e9 mon blog juste comme \u00e7a, pour \u00e9crire et partager. Mais il a vite pris une ampleur que je n&rsquo;imaginais pas au d\u00e9part.<br \/>\nAujourd&rsquo;hui, il fait partie de mon quotidien, j&rsquo;\u00e9change tous les jours avec mes communaut\u00e9s (Facebook, Twitter, Instagram et Hellocoton). J&rsquo;ai rencontr\u00e9 \u00e9norm\u00e9ment de monde car tous ces \u00e9changes via le Web me donnent envie de rencontrer les personnes dans la vraie vie. Twitter est d&rsquo;ailleurs un formidable r\u00e9seaux pour faire de vraies rencontres.<br \/>\nAujourd&rsquo;hui je vis dans le Morbihan, mon ami pr\u00e8s de Saint-Malo, donc je visite d&rsquo;autres coins de notre belle Bretagne pour mon plus grand plaisir ! J&rsquo;adore partager mes bonnes adresses avec mes lecteurs et le \u00ab\u00a0must\u00a0\u00bb c&rsquo;est qu&rsquo;ils les d\u00e9couvrent apr\u00e8s et m&rsquo;envoient leur retour ! Mais je d\u00e9couvre aussi de jolis coins gr\u00e2ce \u00e0 eux car quand je partage quelque chose, ils me disent souvent : y&rsquo;a \u00e7a aussi dans le coin qui est sympa \u00e0 faire. \u00bb<\/p>\n<p>&nbsp;<\/p>\n<p style=\"text-align: justify;\"><strong>3) Pouvez-vous nous pr\u00e9senter votre blog ? Quelles sont vos th\u00e9matiques pr\u00e9f\u00e9r\u00e9es ?<\/strong><br \/>\n\u00ab Lady Breizh est un blog qu&rsquo;on pourrait cat\u00e9goriser dans la cat\u00e9gorie \u00ab\u00a0Lifestyle\u00a0\u00bb, car je parle de tout : Bretagne, bonnes adresses, bons plans, voyage, cin\u00e9ma, mode, beaut\u00e9, d\u00e9co, recettes de cuisine, savoir-faire Breton, etc.<br \/>\nMa th\u00e9matique pr\u00e9f\u00e9r\u00e9e restant la cat\u00e9gorie \u00ab\u00a0Sp\u00e9ciale Bretagne\u00a0\u00bb. J&rsquo;y partage des recettes bretonnes, je relate des \u00e9v\u00e9nements bretons, je pr\u00e9sente des entreprises ou des cr\u00e9ateurs bretons, je critique les restaurants bretons que je teste et je poste de jolies photos de mes balades pour donner aux gens l&rsquo;envie de s&rsquo;y rendre aussi. \u00bb<\/p>\n<p>&nbsp;<\/p>\n<p style=\"text-align: justify;\"><strong>4) C\u00f4t\u00e9 recettes bretonnes, quelle est la recette que vous pr\u00e9f\u00e9rez par dessous tout ? Et celle qui vous plait le moins ?<\/strong><br \/>\n\u00ab Mon plat pr\u00e9f\u00e9r\u00e9, les cr\u00eapes bien s\u00fbr \ud83d\ude09 J&rsquo;ai boss\u00e9 pendant 3 mois 7\/7j dans une cr\u00eaperie et bien s\u00fbr le repas du service c&rsquo;\u00e9tait des cr\u00eapes. Tout le monde me demandait si je n&rsquo;\u00e9tais pas \u00e9c\u0153ur\u00e9e \u00e0 la fin, mais NON ! Les cr\u00eapes c&rsquo;est magique, on peut varier les go\u00fbts et les saveurs, de quoi ne jamais se lasser.<br \/>\nJe n&rsquo;ai pas de recette bretonne qui ne me plait pas, je ne suis pas difficile est les produits bretons sont tellement gourmands. \u00bb<\/p>\n<p>&nbsp;<\/p>\n<p style=\"text-align: justify;\"><strong>5) Avez-vous un ou plusieurs endroits f\u00e9tiches en Bretagne ?<\/strong><br \/>\n\u00ab J&rsquo;ai quelques endroits f\u00e9tiches en Bretagne. Le premier c&rsquo;est Penmarc&rsquo;h, forc\u00e9ment \ud83d\ude09 Mais j&rsquo;adore me balader de la plage du Steir jusqu&rsquo;\u00e0 la plage de la Torche en passant par la c\u00f4te (K\u00e9rity, Saint-Pierre et le majestueux phare d&rsquo;Eckm\u00fclh, la jolie Chapelle de la joie, le port de Saint-Gu\u00e9nol\u00e9 tr\u00e8s vivant lorsque les bateaux de p\u00eache arrivent \u00e0 quai, les rochers de Saint-Gu\u00e9 et la plage de Pors-Carn).<br \/>\nLe deuxi\u00e8me c&rsquo;est le petit port d&rsquo;Auray, appel\u00e9 Saint-Goustan. Avec la rivi\u00e8re d&rsquo;Auray, son vieux pont en pierres, sa place tr\u00e8s anim\u00e9e et ses ruelles typiques avec les maisons \u00e0 colombages, j&rsquo;adore! C&rsquo;est anim\u00e9 et tellement paisible \u00e0 la fois. \u00bb<\/p>\n<p>&nbsp;<\/p>\n<p style=\"text-align: justify;\"><strong>6) Vous avez l&rsquo;air d&rsquo;\u00eatre tr\u00e8s branch\u00e9e mode et produits de beaut\u00e9, quelle sont vos marques bretonnes favorites en mati\u00e8re de v\u00eatements et de cosm\u00e9tiques ?<\/strong><br \/>\n\u00ab C\u00f4t\u00e9 beaut\u00e9, j&rsquo;ai eu r\u00e9cemment l&rsquo;occasion de tester les produits cosm\u00e9tiques Brestois Le Ptit Z\u00e8f. Compos\u00e9s \u00e0 base d&rsquo;algues \u00e7a a \u00e9t\u00e9 un gros coup de c\u0153ur ! Je suis une adepte depuis quelques ann\u00e9es des shampoings naturels Centifolia, une entreprise Morbihannaise.<br \/>\nC\u00f4t\u00e9 mode, j&rsquo;aime beaucoup les collections A l&rsquo;Aise Breizh, mais c&rsquo;est tellement dommage de voir appara\u00eetre du \u00ab\u00a0Made In China\u00a0\u00bb sur leurs \u00e9tiquettes&#8230; Je suis admirative devant Armor-Lux, ce g\u00e9ant du textile breton a su se faire une place \u00e0 l&rsquo;international avec des produits typiquement bretons comme les marni\u00e8res et les vareuses. \u00bb<\/p>\n<p>&nbsp;<\/p>\n<p style=\"text-align: justify;\"><strong>7) Au final qu&rsquo;est-ce que vous souhaitez transmettre par le biais de votre blog dans lequel vous semblez assez active ?<\/strong><br \/>\n\u00ab Je n&rsquo;ai pas de message pr\u00e9cis \u00e0 faire passer, mes principaux objectifs \u00e9tant les \u00e9changes et le partage. Apr\u00e8s si je peux donner aux non-Bretons une image positive et dynamique de la Bretagne de fa\u00e7on \u00e0 ce qu&rsquo;ils viennent la visiter, \u00e7a serait top! \u00bb<\/p>\n<\/div>\n<\/div>\n","protected":false},"excerpt":{"rendered":"<p>Pour cette premi\u00e8re Breizh interview, j&rsquo;ai voulu en savoir un peu plus sur une bloggueuse qui r\u00e9dige r\u00e9guli\u00e8rement des articles divers et vari\u00e9s sur notre ch\u00e8re Bretagne, que l&rsquo;on connait sous le nom de Lady Breizh. Si vous \u00eates une femme et que vous aimez la Bretagne, alors vous devriez sans doute appr\u00e9cier votre visite sur son blog \ud83d\ude09<\/p>\n","protected":false},"author":1,"featured_media":294,"comment_status":"open","ping_status":"open","sticky":false,"template":"","format":"standard","meta":{"footnotes":""},"categories":[1,4],"tags":[],"class_list":["post-248","post","type-post","status-publish","format-standard","has-post-thumbnail","hentry","category-actualites","category-breizh-interview"],"yoast_head":"<!-- This site is optimized with the Yoast SEO plugin v27.1.1 - https:\/\/yoast.com\/product\/yoast-seo-wordpress\/ -->\n<title>LadyBreizh : Interview d&#039;une blogueuse bretonne en vogue<\/title>\n<meta name=\"description\" content=\"Si vous aimez suivre les blogs bretons, Temp\u00eate de l&#039;Ouest vous proposer de d\u00e9couvrir LadyBreizh une blogueuse tr\u00e8s sympathique qui met la Bretagne \u00e0 l&#039;honneur.\" \/>\n<meta name=\"robots\" content=\"index, follow, max-snippet:-1, max-image-preview:large, max-video-preview:-1\" \/>\n<link rel=\"canonical\" href=\"https:\/\/www.tempetedelouest.fr\/blog\/lady-breizh\/\" \/>\n<meta property=\"og:locale\" content=\"fr_FR\" \/>\n<meta property=\"og:type\" content=\"article\" \/>\n<meta property=\"og:title\" content=\"LadyBreizh : Interview d&#039;une blogueuse bretonne en vogue\" \/>\n<meta property=\"og:description\" content=\"Si vous aimez suivre les blogs bretons, Temp\u00eate de l&#039;Ouest vous proposer de d\u00e9couvrir LadyBreizh une blogueuse tr\u00e8s sympathique qui met la Bretagne \u00e0 l&#039;honneur.\" \/>\n<meta property=\"og:url\" content=\"https:\/\/www.tempetedelouest.fr\/blog\/lady-breizh\/\" \/>\n<meta property=\"og:site_name\" content=\"Le blog de Temp\u00eate de l&#039;Ouest !\" \/>\n<meta property=\"article:publisher\" content=\"https:\/\/www.facebook.com\/TempetedeLouest\" \/>\n<meta property=\"article:author\" content=\"https:\/\/www.facebook.com\/TempetedeLouest\/\" \/>\n<meta property=\"article:published_time\" content=\"2013-11-16T13:58:05+00:00\" \/>\n<meta property=\"article:modified_time\" content=\"2023-03-21T19:59:55+00:00\" \/>\n<meta property=\"og:image\" content=\"https:\/\/www.tempetedelouest.fr\/blog\/wp-content\/uploads\/2013\/11\/interview-lady-breizh.jpg\" \/>\n\t<meta property=\"og:image:width\" content=\"270\" \/>\n\t<meta property=\"og:image:height\" content=\"270\" \/>\n\t<meta property=\"og:image:type\" content=\"image\/jpeg\" \/>\n<meta name=\"author\" content=\"Temp\u00eate de l&#039;Ouest\" \/>\n<meta name=\"twitter:card\" content=\"summary_large_image\" \/>\n<meta name=\"twitter:creator\" content=\"@TempetedeLouest\" \/>\n<meta name=\"twitter:site\" content=\"@tempetedelouest\" \/>\n<meta name=\"twitter:label1\" content=\"\u00c9crit par\" \/>\n\t<meta name=\"twitter:data1\" content=\"Temp\u00eate de l&#039;Ouest\" \/>\n\t<meta name=\"twitter:label2\" content=\"Dur\u00e9e de lecture estim\u00e9e\" \/>\n\t<meta name=\"twitter:data2\" content=\"5 minutes\" \/>\n<script type=\"application\/ld+json\" class=\"yoast-schema-graph\">{\"@context\":\"https:\/\/schema.org\",\"@graph\":[{\"@type\":\"Article\",\"@id\":\"https:\/\/www.tempetedelouest.fr\/blog\/lady-breizh\/#article\",\"isPartOf\":{\"@id\":\"https:\/\/www.tempetedelouest.fr\/blog\/lady-breizh\/\"},\"author\":{\"name\":\"Temp\u00eate de l'Ouest\",\"@id\":\"https:\/\/www.tempetedelouest.fr\/blog\/#\/schema\/person\/503e256587cb6a291c432298d10c8b4d\"},\"headline\":\"Interview de Lady Breizh : une bloggueuse bretonne\",\"datePublished\":\"2013-11-16T13:58:05+00:00\",\"dateModified\":\"2023-03-21T19:59:55+00:00\",\"mainEntityOfPage\":{\"@id\":\"https:\/\/www.tempetedelouest.fr\/blog\/lady-breizh\/\"},\"wordCount\":995,\"commentCount\":4,\"image\":{\"@id\":\"https:\/\/www.tempetedelouest.fr\/blog\/lady-breizh\/#primaryimage\"},\"thumbnailUrl\":\"https:\/\/www.tempetedelouest.fr\/blog\/wp-content\/uploads\/2013\/11\/interview-lady-breizh.jpg\",\"articleSection\":[\"Actus\",\"Breizh Interview\"],\"inLanguage\":\"fr-FR\",\"potentialAction\":[{\"@type\":\"CommentAction\",\"name\":\"Comment\",\"target\":[\"https:\/\/www.tempetedelouest.fr\/blog\/lady-breizh\/#respond\"]}]},{\"@type\":\"WebPage\",\"@id\":\"https:\/\/www.tempetedelouest.fr\/blog\/lady-breizh\/\",\"url\":\"https:\/\/www.tempetedelouest.fr\/blog\/lady-breizh\/\",\"name\":\"LadyBreizh : Interview d'une blogueuse bretonne en vogue\",\"isPartOf\":{\"@id\":\"https:\/\/www.tempetedelouest.fr\/blog\/#website\"},\"primaryImageOfPage\":{\"@id\":\"https:\/\/www.tempetedelouest.fr\/blog\/lady-breizh\/#primaryimage\"},\"image\":{\"@id\":\"https:\/\/www.tempetedelouest.fr\/blog\/lady-breizh\/#primaryimage\"},\"thumbnailUrl\":\"https:\/\/www.tempetedelouest.fr\/blog\/wp-content\/uploads\/2013\/11\/interview-lady-breizh.jpg\",\"datePublished\":\"2013-11-16T13:58:05+00:00\",\"dateModified\":\"2023-03-21T19:59:55+00:00\",\"author\":{\"@id\":\"https:\/\/www.tempetedelouest.fr\/blog\/#\/schema\/person\/503e256587cb6a291c432298d10c8b4d\"},\"description\":\"Si vous aimez suivre les blogs bretons, Temp\u00eate de l'Ouest vous proposer de d\u00e9couvrir LadyBreizh une blogueuse tr\u00e8s sympathique qui met la Bretagne \u00e0 l'honneur.\",\"breadcrumb\":{\"@id\":\"https:\/\/www.tempetedelouest.fr\/blog\/lady-breizh\/#breadcrumb\"},\"inLanguage\":\"fr-FR\",\"potentialAction\":[{\"@type\":\"ReadAction\",\"target\":[\"https:\/\/www.tempetedelouest.fr\/blog\/lady-breizh\/\"]}]},{\"@type\":\"ImageObject\",\"inLanguage\":\"fr-FR\",\"@id\":\"https:\/\/www.tempetedelouest.fr\/blog\/lady-breizh\/#primaryimage\",\"url\":\"https:\/\/www.tempetedelouest.fr\/blog\/wp-content\/uploads\/2013\/11\/interview-lady-breizh.jpg\",\"contentUrl\":\"https:\/\/www.tempetedelouest.fr\/blog\/wp-content\/uploads\/2013\/11\/interview-lady-breizh.jpg\",\"width\":270,\"height\":270},{\"@type\":\"BreadcrumbList\",\"@id\":\"https:\/\/www.tempetedelouest.fr\/blog\/lady-breizh\/#breadcrumb\",\"itemListElement\":[{\"@type\":\"ListItem\",\"position\":1,\"name\":\"Accueil\",\"item\":\"https:\/\/www.tempetedelouest.fr\/blog\/\"},{\"@type\":\"ListItem\",\"position\":2,\"name\":\"Actus\",\"item\":\"https:\/\/www.tempetedelouest.fr\/blog\/actualites\/\"},{\"@type\":\"ListItem\",\"position\":3,\"name\":\"Interview de Lady Breizh : une bloggueuse bretonne\"}]},{\"@type\":\"WebSite\",\"@id\":\"https:\/\/www.tempetedelouest.fr\/blog\/#website\",\"url\":\"https:\/\/www.tempetedelouest.fr\/blog\/\",\"name\":\"Le blog de Temp\u00eate de l'Ouest !\",\"description\":\"Un raz de mar\u00e9e d&#039;infos sur la gastronomie bretonne\",\"potentialAction\":[{\"@type\":\"SearchAction\",\"target\":{\"@type\":\"EntryPoint\",\"urlTemplate\":\"https:\/\/www.tempetedelouest.fr\/blog\/?s={search_term_string}\"},\"query-input\":{\"@type\":\"PropertyValueSpecification\",\"valueRequired\":true,\"valueName\":\"search_term_string\"}}],\"inLanguage\":\"fr-FR\"},{\"@type\":\"Person\",\"@id\":\"https:\/\/www.tempetedelouest.fr\/blog\/#\/schema\/person\/503e256587cb6a291c432298d10c8b4d\",\"name\":\"Temp\u00eate de l'Ouest\",\"image\":{\"@type\":\"ImageObject\",\"inLanguage\":\"fr-FR\",\"@id\":\"https:\/\/www.tempetedelouest.fr\/blog\/#\/schema\/person\/image\/\",\"url\":\"https:\/\/secure.gravatar.com\/avatar\/78a8fb5799099ec83ef58895aa2111b9001a891ad5105c35ac6b9ca811f91996?s=96&d=mm&r=g\",\"contentUrl\":\"https:\/\/secure.gravatar.com\/avatar\/78a8fb5799099ec83ef58895aa2111b9001a891ad5105c35ac6b9ca811f91996?s=96&d=mm&r=g\",\"caption\":\"Temp\u00eate de l'Ouest\"},\"sameAs\":[\"https:\/\/www.facebook.com\/TempetedeLouest\/\",\"http:\/\/www.pinterest.com\/tempetedelouest\/\",\"https:\/\/x.com\/TempetedeLouest\"]}]}<\/script>\n<!-- \/ Yoast SEO plugin. -->","yoast_head_json":{"title":"LadyBreizh : Interview d'une blogueuse bretonne en vogue","description":"Si vous aimez suivre les blogs bretons, Temp\u00eate de l'Ouest vous proposer de d\u00e9couvrir LadyBreizh une blogueuse tr\u00e8s sympathique qui met la Bretagne \u00e0 l'honneur.","robots":{"index":"index","follow":"follow","max-snippet":"max-snippet:-1","max-image-preview":"max-image-preview:large","max-video-preview":"max-video-preview:-1"},"canonical":"https:\/\/www.tempetedelouest.fr\/blog\/lady-breizh\/","og_locale":"fr_FR","og_type":"article","og_title":"LadyBreizh : Interview d'une blogueuse bretonne en vogue","og_description":"Si vous aimez suivre les blogs bretons, Temp\u00eate de l'Ouest vous proposer de d\u00e9couvrir LadyBreizh une blogueuse tr\u00e8s sympathique qui met la Bretagne \u00e0 l'honneur.","og_url":"https:\/\/www.tempetedelouest.fr\/blog\/lady-breizh\/","og_site_name":"Le blog de Temp\u00eate de l&#039;Ouest !","article_publisher":"https:\/\/www.facebook.com\/TempetedeLouest","article_author":"https:\/\/www.facebook.com\/TempetedeLouest\/","article_published_time":"2013-11-16T13:58:05+00:00","article_modified_time":"2023-03-21T19:59:55+00:00","og_image":[{"width":270,"height":270,"url":"https:\/\/www.tempetedelouest.fr\/blog\/wp-content\/uploads\/2013\/11\/interview-lady-breizh.jpg","type":"image\/jpeg"}],"author":"Temp\u00eate de l'Ouest","twitter_card":"summary_large_image","twitter_creator":"@TempetedeLouest","twitter_site":"@tempetedelouest","twitter_misc":{"\u00c9crit par":"Temp\u00eate de l'Ouest","Dur\u00e9e de lecture estim\u00e9e":"5 minutes"},"schema":{"@context":"https:\/\/schema.org","@graph":[{"@type":"Article","@id":"https:\/\/www.tempetedelouest.fr\/blog\/lady-breizh\/#article","isPartOf":{"@id":"https:\/\/www.tempetedelouest.fr\/blog\/lady-breizh\/"},"author":{"name":"Temp\u00eate de l'Ouest","@id":"https:\/\/www.tempetedelouest.fr\/blog\/#\/schema\/person\/503e256587cb6a291c432298d10c8b4d"},"headline":"Interview de Lady Breizh : une bloggueuse bretonne","datePublished":"2013-11-16T13:58:05+00:00","dateModified":"2023-03-21T19:59:55+00:00","mainEntityOfPage":{"@id":"https:\/\/www.tempetedelouest.fr\/blog\/lady-breizh\/"},"wordCount":995,"commentCount":4,"image":{"@id":"https:\/\/www.tempetedelouest.fr\/blog\/lady-breizh\/#primaryimage"},"thumbnailUrl":"https:\/\/www.tempetedelouest.fr\/blog\/wp-content\/uploads\/2013\/11\/interview-lady-breizh.jpg","articleSection":["Actus","Breizh Interview"],"inLanguage":"fr-FR","potentialAction":[{"@type":"CommentAction","name":"Comment","target":["https:\/\/www.tempetedelouest.fr\/blog\/lady-breizh\/#respond"]}]},{"@type":"WebPage","@id":"https:\/\/www.tempetedelouest.fr\/blog\/lady-breizh\/","url":"https:\/\/www.tempetedelouest.fr\/blog\/lady-breizh\/","name":"LadyBreizh : Interview d'une blogueuse bretonne en vogue","isPartOf":{"@id":"https:\/\/www.tempetedelouest.fr\/blog\/#website"},"primaryImageOfPage":{"@id":"https:\/\/www.tempetedelouest.fr\/blog\/lady-breizh\/#primaryimage"},"image":{"@id":"https:\/\/www.tempetedelouest.fr\/blog\/lady-breizh\/#primaryimage"},"thumbnailUrl":"https:\/\/www.tempetedelouest.fr\/blog\/wp-content\/uploads\/2013\/11\/interview-lady-breizh.jpg","datePublished":"2013-11-16T13:58:05+00:00","dateModified":"2023-03-21T19:59:55+00:00","author":{"@id":"https:\/\/www.tempetedelouest.fr\/blog\/#\/schema\/person\/503e256587cb6a291c432298d10c8b4d"},"description":"Si vous aimez suivre les blogs bretons, Temp\u00eate de l'Ouest vous proposer de d\u00e9couvrir LadyBreizh une blogueuse tr\u00e8s sympathique qui met la Bretagne \u00e0 l'honneur.","breadcrumb":{"@id":"https:\/\/www.tempetedelouest.fr\/blog\/lady-breizh\/#breadcrumb"},"inLanguage":"fr-FR","potentialAction":[{"@type":"ReadAction","target":["https:\/\/www.tempetedelouest.fr\/blog\/lady-breizh\/"]}]},{"@type":"ImageObject","inLanguage":"fr-FR","@id":"https:\/\/www.tempetedelouest.fr\/blog\/lady-breizh\/#primaryimage","url":"https:\/\/www.tempetedelouest.fr\/blog\/wp-content\/uploads\/2013\/11\/interview-lady-breizh.jpg","contentUrl":"https:\/\/www.tempetedelouest.fr\/blog\/wp-content\/uploads\/2013\/11\/interview-lady-breizh.jpg","width":270,"height":270},{"@type":"BreadcrumbList","@id":"https:\/\/www.tempetedelouest.fr\/blog\/lady-breizh\/#breadcrumb","itemListElement":[{"@type":"ListItem","position":1,"name":"Accueil","item":"https:\/\/www.tempetedelouest.fr\/blog\/"},{"@type":"ListItem","position":2,"name":"Actus","item":"https:\/\/www.tempetedelouest.fr\/blog\/actualites\/"},{"@type":"ListItem","position":3,"name":"Interview de Lady Breizh : une bloggueuse bretonne"}]},{"@type":"WebSite","@id":"https:\/\/www.tempetedelouest.fr\/blog\/#website","url":"https:\/\/www.tempetedelouest.fr\/blog\/","name":"Le blog de Temp\u00eate de l'Ouest !","description":"Un raz de mar\u00e9e d&#039;infos sur la gastronomie bretonne","potentialAction":[{"@type":"SearchAction","target":{"@type":"EntryPoint","urlTemplate":"https:\/\/www.tempetedelouest.fr\/blog\/?s={search_term_string}"},"query-input":{"@type":"PropertyValueSpecification","valueRequired":true,"valueName":"search_term_string"}}],"inLanguage":"fr-FR"},{"@type":"Person","@id":"https:\/\/www.tempetedelouest.fr\/blog\/#\/schema\/person\/503e256587cb6a291c432298d10c8b4d","name":"Temp\u00eate de l'Ouest","image":{"@type":"ImageObject","inLanguage":"fr-FR","@id":"https:\/\/www.tempetedelouest.fr\/blog\/#\/schema\/person\/image\/","url":"https:\/\/secure.gravatar.com\/avatar\/78a8fb5799099ec83ef58895aa2111b9001a891ad5105c35ac6b9ca811f91996?s=96&d=mm&r=g","contentUrl":"https:\/\/secure.gravatar.com\/avatar\/78a8fb5799099ec83ef58895aa2111b9001a891ad5105c35ac6b9ca811f91996?s=96&d=mm&r=g","caption":"Temp\u00eate de l'Ouest"},"sameAs":["https:\/\/www.facebook.com\/TempetedeLouest\/","http:\/\/www.pinterest.com\/tempetedelouest\/","https:\/\/x.com\/TempetedeLouest"]}]}},"_links":{"self":[{"href":"https:\/\/www.tempetedelouest.fr\/blog\/wp-json\/wp\/v2\/posts\/248","targetHints":{"allow":["GET"]}}],"collection":[{"href":"https:\/\/www.tempetedelouest.fr\/blog\/wp-json\/wp\/v2\/posts"}],"about":[{"href":"https:\/\/www.tempetedelouest.fr\/blog\/wp-json\/wp\/v2\/types\/post"}],"author":[{"embeddable":true,"href":"https:\/\/www.tempetedelouest.fr\/blog\/wp-json\/wp\/v2\/users\/1"}],"replies":[{"embeddable":true,"href":"https:\/\/www.tempetedelouest.fr\/blog\/wp-json\/wp\/v2\/comments?post=248"}],"version-history":[{"count":0,"href":"https:\/\/www.tempetedelouest.fr\/blog\/wp-json\/wp\/v2\/posts\/248\/revisions"}],"wp:featuredmedia":[{"embeddable":true,"href":"https:\/\/www.tempetedelouest.fr\/blog\/wp-json\/wp\/v2\/media\/294"}],"wp:attachment":[{"href":"https:\/\/www.tempetedelouest.fr\/blog\/wp-json\/wp\/v2\/media?parent=248"}],"wp:term":[{"taxonomy":"category","embeddable":true,"href":"https:\/\/www.tempetedelouest.fr\/blog\/wp-json\/wp\/v2\/categories?post=248"},{"taxonomy":"post_tag","embeddable":true,"href":"https:\/\/www.tempetedelouest.fr\/blog\/wp-json\/wp\/v2\/tags?post=248"}],"curies":[{"name":"wp","href":"https:\/\/api.w.org\/{rel}","templated":true}]}}