{"id":1793,"date":"2016-02-18T16:11:16","date_gmt":"2016-02-18T15:11:16","guid":{"rendered":"https:\/\/www.tempetedelouest.fr\/blog\/?p=1793"},"modified":"2019-03-21T13:34:59","modified_gmt":"2019-03-21T12:34:59","slug":"specialites-morbihan","status":"publish","type":"post","link":"https:\/\/www.tempetedelouest.fr\/blog\/specialites-morbihan\/","title":{"rendered":"Dossier sp\u00e9cialit\u00e9s bretonnes : les produits du Morbihan"},"content":{"rendered":"<p>&nbsp;<\/p>\n<p style=\"text-align: center;\">Notez cet article: <span id=\"post-ratings-1793\" class=\"post-ratings\" data-nonce=\"a755055418\"><span class=\"review hreview-aggregate\"><span class=\"rating\"><img decoding=\"async\" id=\"rating_1793_1\" src=\"https:\/\/www.tempetedelouest.fr\/blog\/wp-content\/plugins\/wp-postratings\/images\/stars_crystal\/rating_on.gif\" alt=\"1 \u00e9toile\" title=\"1 \u00e9toile\" onmouseover=\"current_rating(1793, 1, '1 \u00e9toile');\" onmouseout=\"ratings_off(3.9, 4, 0);\" onclick=\"rate_post();\" onkeypress=\"rate_post();\" style=\"cursor: pointer; border: 0px;\" \/><img decoding=\"async\" id=\"rating_1793_2\" src=\"https:\/\/www.tempetedelouest.fr\/blog\/wp-content\/plugins\/wp-postratings\/images\/stars_crystal\/rating_on.gif\" alt=\"2 \u00e9toiles\" title=\"2 \u00e9toiles\" onmouseover=\"current_rating(1793, 2, '2 \u00e9toiles');\" onmouseout=\"ratings_off(3.9, 4, 0);\" onclick=\"rate_post();\" onkeypress=\"rate_post();\" style=\"cursor: pointer; border: 0px;\" \/><img decoding=\"async\" id=\"rating_1793_3\" src=\"https:\/\/www.tempetedelouest.fr\/blog\/wp-content\/plugins\/wp-postratings\/images\/stars_crystal\/rating_on.gif\" alt=\"3 \u00e9toiles\" title=\"3 \u00e9toiles\" onmouseover=\"current_rating(1793, 3, '3 \u00e9toiles');\" onmouseout=\"ratings_off(3.9, 4, 0);\" onclick=\"rate_post();\" onkeypress=\"rate_post();\" style=\"cursor: pointer; border: 0px;\" \/><img decoding=\"async\" id=\"rating_1793_4\" src=\"https:\/\/www.tempetedelouest.fr\/blog\/wp-content\/plugins\/wp-postratings\/images\/stars_crystal\/rating_half.gif\" alt=\"4 \u00e9toiles\" title=\"4 \u00e9toiles\" onmouseover=\"current_rating(1793, 4, '4 \u00e9toiles');\" onmouseout=\"ratings_off(3.9, 4, 0);\" onclick=\"rate_post();\" onkeypress=\"rate_post();\" style=\"cursor: pointer; border: 0px;\" \/><img decoding=\"async\" id=\"rating_1793_5\" src=\"https:\/\/www.tempetedelouest.fr\/blog\/wp-content\/plugins\/wp-postratings\/images\/stars_crystal\/rating_off.gif\" alt=\"5 \u00e9toiles\" title=\"5 \u00e9toiles\" onmouseover=\"current_rating(1793, 5, '5 \u00e9toiles');\" onmouseout=\"ratings_off(3.9, 4, 0);\" onclick=\"rate_post();\" onkeypress=\"rate_post();\" style=\"cursor: pointer; border: 0px;\" \/> <span class=\"count\">7<\/span>  votes | moyenne: <span class=\"average\">3,86<\/span>  sur 5 <span class=\"post-ratings-text\" id=\"ratings_1793_text\"><\/span>\r\n<\/span><\/span><\/span><span id=\"post-ratings-1793-loading\" class=\"post-ratings-loading\"><img loading=\"lazy\" decoding=\"async\" src=\"https:\/\/www.tempetedelouest.fr\/blog\/wp-content\/plugins\/wp-postratings\/images\/loading.gif\" width=\"16\" height=\"16\" class=\"post-ratings-image\" \/>Loading...<\/span>\n<p>&nbsp;<br \/>\n<figure id=\"attachment_1806\" aria-describedby=\"caption-attachment-1806\" style=\"width: 2494px\" class=\"wp-caption aligncenter\"><img loading=\"lazy\" decoding=\"async\" src=\"https:\/\/www.tempetedelouest.fr\/blog\/wp-content\/uploads\/2016\/02\/specialites-morbihan.jpg\" alt=\"Cr\u00e9dits : By Nono vlf (Own work) | Wikimedia Commons\" width=\"2494\" height=\"1091\" class=\"size-full wp-image-1806\" srcset=\"https:\/\/www.tempetedelouest.fr\/blog\/wp-content\/uploads\/2016\/02\/specialites-morbihan.jpg 2494w, https:\/\/www.tempetedelouest.fr\/blog\/wp-content\/uploads\/2016\/02\/specialites-morbihan-300x131.jpg 300w, https:\/\/www.tempetedelouest.fr\/blog\/wp-content\/uploads\/2016\/02\/specialites-morbihan-768x336.jpg 768w, https:\/\/www.tempetedelouest.fr\/blog\/wp-content\/uploads\/2016\/02\/specialites-morbihan-1024x448.jpg 1024w\" sizes=\"auto, (max-width: 2494px) 100vw, 2494px\" \/><figcaption id=\"caption-attachment-1806\" class=\"wp-caption-text\">Cr\u00e9dits : <a title=\"By Nono vlf (Own work) [GFDL (http:\/\/www.gnu.org\/copyleft\/fdl.html) or CC BY-SA 3.0 (http:\/\/creativecommons.org\/licenses\/by-sa\/3.0)], via Wikimedia Commons\" href=\"https:\/\/commons.wikimedia.org\/wiki\/File%3AGolfe_du_Morbihan_-_1.jpg\">By Nono vlf (Own work) | Wikimedia Commons<\/a><\/figcaption><\/figure>\nNous vous proposons un petit voyage\u00a0\u00e0 travers les <strong>sp\u00e9cialit\u00e9s gastronomiques de Bretagne<\/strong> de chaque d\u00e9partement, avec pour commencer, une petite escale dans le Morbihan ! Le sud de la Bretagne compte en effet un bon nombre d&rsquo;artisans de renom et de d\u00e9licieux produits bretons dont la r\u00e9putation n&rsquo;est plus \u00e0 faire !<\/p>\n<table>\n<tbody>\n<tr>\n<td style=\"padding-right: 25px;\">\n<h2>1. La cr\u00e8me de Salidou<\/h2>\n<p>Le <a href=\"https:\/\/www.tempetedelouest.fr\/produit\/creme-salidou-220g\/\" target=\"_blank\">Salidou<\/a>, c&rsquo;est en quelque sorte le Nutella breton (sans l&rsquo;huile de palme mais avec du beurre dedans!)\u00a0Cette onctueuse <strong>cr\u00e8me de caramel au beurre sal\u00e9 <\/strong>est une pure merveille sur des cr\u00eapes bretonnes, du pain ou en accompagnement sur une tarte ou une glace. Une d\u00e9licieuse gourmandise \u00e9labor\u00e9e \u00e0 Quiberon ! <\/td>\n<td><img loading=\"lazy\" decoding=\"async\" width=\"665\" height=\"499\" class=\"alignright wp-image-1795\" src=\"https:\/\/www.tempetedelouest.fr\/blog\/wp-content\/uploads\/2016\/02\/creme-salidou-caramel.jpg\" alt=\"creme-salidou-caramel\" srcset=\"https:\/\/www.tempetedelouest.fr\/blog\/wp-content\/uploads\/2016\/02\/creme-salidou-caramel.jpg 665w, https:\/\/www.tempetedelouest.fr\/blog\/wp-content\/uploads\/2016\/02\/creme-salidou-caramel-300x225.jpg 300w\" sizes=\"auto, (max-width: 665px) 100vw, 665px\" \/><br \/>\n<a style=\"float: left;\" class=\"voir-produit\" href=\"https:\/\/www.tempetedelouest.fr\/produit\/creme-salidou-220g\/\" target=\"_blank\">Voir le produit<\/a><\/td>\n<\/tr>\n<tr>\n<td style=\"padding-right: 25px;\">\n<h2>2. Les niniches de Quiberon<\/h2>\n<p>Sp\u00e9cialit\u00e9 de la Maison d&rsquo;Armorine \u00e0 Quiberon depuis 1946, les Niniches sont <strong>des sucettes cylindriques <\/strong>qui se d\u00e9clinent sous diff\u00e9rents parfums (aux fruits ou au caramel au beurre sal\u00e9). Une sp\u00e9cialit\u00e9 r\u00e9f\u00e9renc\u00e9e au patrimoine culinaire de France et \u00e9lues \u00ab\u00a0Meilleur bonbon de France\u00a0\u00bb ! <\/td>\n<td><img loading=\"lazy\" decoding=\"async\" class=\"alignright size-full wp-image-1796\" src=\"https:\/\/www.tempetedelouest.fr\/blog\/wp-content\/uploads\/2016\/02\/niniches-quiberon.jpg\" alt=\"niniches-quiberon\" width=\"665\" height=\"499\" srcset=\"https:\/\/www.tempetedelouest.fr\/blog\/wp-content\/uploads\/2016\/02\/niniches-quiberon.jpg 665w, https:\/\/www.tempetedelouest.fr\/blog\/wp-content\/uploads\/2016\/02\/niniches-quiberon-300x225.jpg 300w\" sizes=\"auto, (max-width: 665px) 100vw, 665px\" \/><br \/>\n<a style=\"float: left;\" class=\"voir-produit\" href=\"https:\/\/www.tempetedelouest.fr\/produit\/10-niniches-fruits-caramel\/\" target=\"_blank\">Voir le produit<\/a><\/td>\n<\/tr>\n<tr>\n<td style=\"padding-right: 25px;\">\n<h2>3. Les sardines de la Belle-Iloise<\/h2>\n<p>La conserverie la Belle-Iloise \u00e0 Quiberon est r\u00e9put\u00e9e pour ses d\u00e9licieux produits de la mer, et notamment ses <strong>maquereaux, soupes et sardines en bo\u00eete <\/strong>depuis 1932. Leurs poissons fra\u00eechement p\u00each\u00e9s sont enti\u00e8rement travaill\u00e9s \u00e0 la main et pr\u00e9par\u00e9s avec des mati\u00e8res premi\u00e8res de grande qualit\u00e9 (huile d&rsquo;olive extra, huile de tournesol ou d&rsquo;arachide de premier choix).\n<\/td>\n<td>\u00a0<img loading=\"lazy\" decoding=\"async\" class=\"alignright size-full wp-image-1798\" src=\"https:\/\/www.tempetedelouest.fr\/blog\/wp-content\/uploads\/2016\/02\/sardines-belle-iloise.jpg\" alt=\"sardines-belle-iloise\" width=\"665\" height=\"499\" srcset=\"https:\/\/www.tempetedelouest.fr\/blog\/wp-content\/uploads\/2016\/02\/sardines-belle-iloise.jpg 665w, https:\/\/www.tempetedelouest.fr\/blog\/wp-content\/uploads\/2016\/02\/sardines-belle-iloise-300x225.jpg 300w\" sizes=\"auto, (max-width: 665px) 100vw, 665px\" \/><br \/>\n<a style=\"float: left;\" class=\"voir-produit\" href=\"https:\/\/www.tempetedelouest.fr\/02\/belleiloise\/\" target=\"_blank\">Voir le produit<\/a><\/td>\n<\/tr>\n<tr>\n<td style=\"padding-right: 25px;\">\n<h2>4. Les hu\u00eetres en chocolat Desplousse<\/h2>\n<p>Cap sur Vannes dans la chocolaterie artisanale Desplousse et ses fameuses <a href=\"https:\/\/www.tempetedelouest.fr\/produit\/bourriche-huitres-chocolat-noir-praline\/\" target=\"_blank\">hu\u00eetres en chocolat noir<\/a> ou <a href=\"https:\/\/www.tempetedelouest.fr\/produit\/bourriche-huitres-chocolat-lait-praline\/\" target=\"_blank\">au lait fourr\u00e9es au pralin\u00e9 \u00e0 l&rsquo;ancienne<\/a>. Officiellement invent\u00e9e \u00e0 Belle Ile en Mer en 1904 par le Ma\u00eetre P\u00e2tissier Chocolatier Raymond Desplousse, elle fait le succ\u00e8s de la chocolaterie vannetaise depuis 1914 !\n<\/td>\n<td>\u00a0<img loading=\"lazy\" decoding=\"async\" class=\"alignright size-full wp-image-1799\" src=\"https:\/\/www.tempetedelouest.fr\/blog\/wp-content\/uploads\/2016\/02\/huitres-desplousse.jpg\" alt=\"huitres-desplousse\" width=\"665\" height=\"499\" srcset=\"https:\/\/www.tempetedelouest.fr\/blog\/wp-content\/uploads\/2016\/02\/huitres-desplousse.jpg 665w, https:\/\/www.tempetedelouest.fr\/blog\/wp-content\/uploads\/2016\/02\/huitres-desplousse-300x225.jpg 300w\" sizes=\"auto, (max-width: 665px) 100vw, 665px\" \/><br \/>\n<a style=\"float: left;\" class=\"voir-produit\" href=\"https:\/\/www.tempetedelouest.fr\/02\/desplousse\/\" target=\"_blank\">Voir le produit<\/a><\/td>\n<\/tr>\n<tr>\n<td style=\"padding-right: 25px;\">\n<h2>5. Les g\u00e2teaux en bo\u00eete de Pain d\u2019\u00c9pices<\/h2>\n<p>Retour \u00e0 Quiberon avec la boulangerie Pain d&rsquo;Epices qui a invent\u00e9 un concept plut\u00f4t r\u00e9volutionnaire : mettre <strong>les plus c\u00e9l\u00e8bres p\u00e2tisseries bretonnes en bo\u00eete<\/strong> herm\u00e9tique afin qu&rsquo;elles se conservent plus longtemps et qu&rsquo;on puisse les emporter \u00e0 l&rsquo;autre bout du monde ! <a href=\"https:\/\/www.tempetedelouest.fr\/01\/epicerie-sucree\/biscuits-gateaux\/gateaux-bretons\/\" target=\"_blank\">Far breton, kouign-amann ou encore g\u00e2teau breton<\/a>, cette innovation des plus malignes leur a valu  un Troph\u00e9e de l\u2019Innovation en 2013.\n<\/td>\n<td>\u00a0<img loading=\"lazy\" decoding=\"async\" class=\"alignright size-full wp-image-1797\" src=\"https:\/\/www.tempetedelouest.fr\/blog\/wp-content\/uploads\/2016\/02\/lot-gateaux-bretons-boite.jpg\" alt=\"lot-gateaux-bretons-boite\" width=\"665\" height=\"499\" srcset=\"https:\/\/www.tempetedelouest.fr\/blog\/wp-content\/uploads\/2016\/02\/lot-gateaux-bretons-boite.jpg 665w, https:\/\/www.tempetedelouest.fr\/blog\/wp-content\/uploads\/2016\/02\/lot-gateaux-bretons-boite-300x225.jpg 300w\" sizes=\"auto, (max-width: 665px) 100vw, 665px\" \/><br \/>\n<a style=\"float: left;\" class=\"voir-produit\" href=\"https:\/\/www.tempetedelouest.fr\/02\/pain-epices\/\" target=\"_blank\">Voir le produit<\/a><\/td>\n<\/tr>\n<tr>\n<td style=\"padding-right: 25px;\">\n<h2>6. Le cidre de la distillerie du Gorvello<\/h2>\n<p>C&rsquo;est \u00e0 Sulniac, \u00e0 deux pas de Vannes, que <a href=\"http:\/\/www.distilleriedugorvello.fr\/\" target=\"_blank\">la distillerie du Gorvello<\/a> s&rsquo;est sp\u00e9cialis\u00e9e dans la culture de pommiers \u00e0 cidre et tout naturellement dans la fabrication de cidre mais \u00e9galement jus de pomme, vinaigre de cidre et ap\u00e9ritifs \u00e0 base de pomme (pommeau, fine Bretagne\/lambig&#8230;). La plupart de leurs boissons b\u00e9n\u00e9ficient d\u00e9sormais du label \u00ab\u00a0Agriculture Biologique\u00a0\u00bb.\n<\/td>\n<td>\u00a0<img loading=\"lazy\" decoding=\"async\" class=\"alignright wp-image-1800 size-full\" src=\"https:\/\/www.tempetedelouest.fr\/blog\/wp-content\/uploads\/2016\/02\/gorvello-e1455806000287.jpg\" alt=\"gorvello\" width=\"302\" height=\"232\" srcset=\"https:\/\/www.tempetedelouest.fr\/blog\/wp-content\/uploads\/2016\/02\/gorvello-e1455806000287.jpg 302w, https:\/\/www.tempetedelouest.fr\/blog\/wp-content\/uploads\/2016\/02\/gorvello-e1455806000287-300x230.jpg 300w\" sizes=\"auto, (max-width: 302px) 100vw, 302px\" \/><br \/>\n<a style=\"float: left;\" class=\"voir-produit\" href=\"https:\/\/www.tempetedelouest.fr\/02\/gorvello\/\" target=\"_blank\">Voir le produit<\/a><\/td>\n<\/tr>\n<\/tbody>\n<\/table>\n<blockquote><p>Pour en savoir plus sur les sp\u00e9cialit\u00e9s du Morbihan, poursuivez votre lecture : <\/p>\n<ul>\n<li><a href=\"http:\/\/www.morbihan.com\/\" target=\"_blank\">Comit\u00e9 D\u00e9partemental du Tourisme du Morbihan<\/a><\/li>\n<li><a href=\"http:\/\/www.morbihan.com\/accueil\/decouvrir\/art-de-vivre\/parenthese-gourmande\/recettes-bretonnes-morbihan\" target=\"_blank\">Recettes du Morbihan<\/a><\/li>\n<li><a href=\"http:\/\/www.tourisme-vannes.com\/bienvenue\/deguster\/produits-gourmands\" target=\"_blank\">Office de tourisme de Vannes<\/a><\/li>\n<\/ul>\n<\/blockquote>\n","protected":false},"excerpt":{"rendered":"<p>&nbsp; Notez cet article: &nbsp; Nous vous proposons un petit voyage\u00a0\u00e0 travers les sp\u00e9cialit\u00e9s gastronomiques de Bretagne de chaque d\u00e9partement, avec pour commencer, une petite escale dans le Morbihan ! Le sud de la Bretagne compte en effet un bon nombre d&rsquo;artisans de renom et de d\u00e9licieux produits bretons dont la r\u00e9putation n&rsquo;est plus \u00e0 [&#8230;]\n","protected":false},"author":1,"featured_media":1806,"comment_status":"open","ping_status":"open","sticky":false,"template":"","format":"standard","meta":{"footnotes":""},"categories":[2],"tags":[],"class_list":["post-1793","post","type-post","status-publish","format-standard","has-post-thumbnail","hentry","category-marques-et-produits"],"yoast_head":"<!-- This site is optimized with the Yoast SEO plugin v27.1.1 - https:\/\/yoast.com\/product\/yoast-seo-wordpress\/ -->\n<title>\u21d2 Sp\u00e9cialit\u00e9s, Produits du Morbihan - Gastronomie bretonne du Morbihan<\/title>\n<meta name=\"description\" content=\"Le Morbihan est un d\u00e9partement breton proposant de nombreuses sp\u00e9cialit\u00e9s gastronomiques et produits artisanaux. Venez vite les d\u00e9couvrir !\" \/>\n<meta name=\"robots\" content=\"index, follow, max-snippet:-1, max-image-preview:large, max-video-preview:-1\" \/>\n<link rel=\"canonical\" href=\"https:\/\/www.tempetedelouest.fr\/blog\/specialites-morbihan\/\" \/>\n<meta property=\"og:locale\" content=\"fr_FR\" \/>\n<meta property=\"og:type\" content=\"article\" \/>\n<meta property=\"og:title\" content=\"\u21d2 Sp\u00e9cialit\u00e9s, Produits du Morbihan - Gastronomie bretonne du Morbihan\" \/>\n<meta property=\"og:description\" content=\"Le Morbihan est un d\u00e9partement breton proposant de nombreuses sp\u00e9cialit\u00e9s gastronomiques et produits artisanaux. Venez vite les d\u00e9couvrir !\" \/>\n<meta property=\"og:url\" content=\"https:\/\/www.tempetedelouest.fr\/blog\/specialites-morbihan\/\" \/>\n<meta property=\"og:site_name\" content=\"Le blog de Temp\u00eate de l&#039;Ouest !\" \/>\n<meta property=\"article:publisher\" content=\"https:\/\/www.facebook.com\/TempetedeLouest\" \/>\n<meta property=\"article:author\" content=\"https:\/\/www.facebook.com\/TempetedeLouest\/\" \/>\n<meta property=\"article:published_time\" content=\"2016-02-18T15:11:16+00:00\" \/>\n<meta property=\"article:modified_time\" content=\"2019-03-21T12:34:59+00:00\" \/>\n<meta property=\"og:image\" content=\"https:\/\/www.tempetedelouest.fr\/blog\/wp-content\/uploads\/2016\/02\/specialites-morbihan.jpg\" \/>\n\t<meta property=\"og:image:width\" content=\"2494\" \/>\n\t<meta property=\"og:image:height\" content=\"1091\" \/>\n\t<meta property=\"og:image:type\" content=\"image\/jpeg\" \/>\n<meta name=\"author\" content=\"Temp\u00eate de l&#039;Ouest\" \/>\n<meta name=\"twitter:card\" content=\"summary_large_image\" \/>\n<meta name=\"twitter:creator\" content=\"@TempetedeLouest\" \/>\n<meta name=\"twitter:site\" content=\"@tempetedelouest\" \/>\n<meta name=\"twitter:label1\" content=\"\u00c9crit par\" \/>\n\t<meta name=\"twitter:data1\" content=\"Temp\u00eate de l&#039;Ouest\" \/>\n\t<meta name=\"twitter:label2\" content=\"Dur\u00e9e de lecture estim\u00e9e\" \/>\n\t<meta name=\"twitter:data2\" content=\"3 minutes\" \/>\n<script type=\"application\/ld+json\" class=\"yoast-schema-graph\">{\"@context\":\"https:\/\/schema.org\",\"@graph\":[{\"@type\":\"Article\",\"@id\":\"https:\/\/www.tempetedelouest.fr\/blog\/specialites-morbihan\/#article\",\"isPartOf\":{\"@id\":\"https:\/\/www.tempetedelouest.fr\/blog\/specialites-morbihan\/\"},\"author\":{\"name\":\"Temp\u00eate de l'Ouest\",\"@id\":\"https:\/\/www.tempetedelouest.fr\/blog\/#\/schema\/person\/503e256587cb6a291c432298d10c8b4d\"},\"headline\":\"Dossier sp\u00e9cialit\u00e9s bretonnes : les produits du Morbihan\",\"datePublished\":\"2016-02-18T15:11:16+00:00\",\"dateModified\":\"2019-03-21T12:34:59+00:00\",\"mainEntityOfPage\":{\"@id\":\"https:\/\/www.tempetedelouest.fr\/blog\/specialites-morbihan\/\"},\"wordCount\":531,\"commentCount\":2,\"image\":{\"@id\":\"https:\/\/www.tempetedelouest.fr\/blog\/specialites-morbihan\/#primaryimage\"},\"thumbnailUrl\":\"https:\/\/www.tempetedelouest.fr\/blog\/wp-content\/uploads\/2016\/02\/specialites-morbihan.jpg\",\"articleSection\":[\"Marques et produits\"],\"inLanguage\":\"fr-FR\",\"potentialAction\":[{\"@type\":\"CommentAction\",\"name\":\"Comment\",\"target\":[\"https:\/\/www.tempetedelouest.fr\/blog\/specialites-morbihan\/#respond\"]}]},{\"@type\":\"WebPage\",\"@id\":\"https:\/\/www.tempetedelouest.fr\/blog\/specialites-morbihan\/\",\"url\":\"https:\/\/www.tempetedelouest.fr\/blog\/specialites-morbihan\/\",\"name\":\"\u21d2 Sp\u00e9cialit\u00e9s, Produits du Morbihan - Gastronomie bretonne du Morbihan\",\"isPartOf\":{\"@id\":\"https:\/\/www.tempetedelouest.fr\/blog\/#website\"},\"primaryImageOfPage\":{\"@id\":\"https:\/\/www.tempetedelouest.fr\/blog\/specialites-morbihan\/#primaryimage\"},\"image\":{\"@id\":\"https:\/\/www.tempetedelouest.fr\/blog\/specialites-morbihan\/#primaryimage\"},\"thumbnailUrl\":\"https:\/\/www.tempetedelouest.fr\/blog\/wp-content\/uploads\/2016\/02\/specialites-morbihan.jpg\",\"datePublished\":\"2016-02-18T15:11:16+00:00\",\"dateModified\":\"2019-03-21T12:34:59+00:00\",\"author\":{\"@id\":\"https:\/\/www.tempetedelouest.fr\/blog\/#\/schema\/person\/503e256587cb6a291c432298d10c8b4d\"},\"description\":\"Le Morbihan est un d\u00e9partement breton proposant de nombreuses sp\u00e9cialit\u00e9s gastronomiques et produits artisanaux. Venez vite les d\u00e9couvrir !\",\"breadcrumb\":{\"@id\":\"https:\/\/www.tempetedelouest.fr\/blog\/specialites-morbihan\/#breadcrumb\"},\"inLanguage\":\"fr-FR\",\"potentialAction\":[{\"@type\":\"ReadAction\",\"target\":[\"https:\/\/www.tempetedelouest.fr\/blog\/specialites-morbihan\/\"]}]},{\"@type\":\"ImageObject\",\"inLanguage\":\"fr-FR\",\"@id\":\"https:\/\/www.tempetedelouest.fr\/blog\/specialites-morbihan\/#primaryimage\",\"url\":\"https:\/\/www.tempetedelouest.fr\/blog\/wp-content\/uploads\/2016\/02\/specialites-morbihan.jpg\",\"contentUrl\":\"https:\/\/www.tempetedelouest.fr\/blog\/wp-content\/uploads\/2016\/02\/specialites-morbihan.jpg\",\"width\":2494,\"height\":1091,\"caption\":\"Cr\u00e9dits : By Nono vlf (Own work) | Wikimedia Commons\"},{\"@type\":\"BreadcrumbList\",\"@id\":\"https:\/\/www.tempetedelouest.fr\/blog\/specialites-morbihan\/#breadcrumb\",\"itemListElement\":[{\"@type\":\"ListItem\",\"position\":1,\"name\":\"Accueil\",\"item\":\"https:\/\/www.tempetedelouest.fr\/blog\/\"},{\"@type\":\"ListItem\",\"position\":2,\"name\":\"Marques et produits\",\"item\":\"https:\/\/www.tempetedelouest.fr\/blog\/marques-et-produits\/\"},{\"@type\":\"ListItem\",\"position\":3,\"name\":\"Dossier sp\u00e9cialit\u00e9s bretonnes : les produits du Morbihan\"}]},{\"@type\":\"WebSite\",\"@id\":\"https:\/\/www.tempetedelouest.fr\/blog\/#website\",\"url\":\"https:\/\/www.tempetedelouest.fr\/blog\/\",\"name\":\"Le blog de Temp\u00eate de l'Ouest !\",\"description\":\"Un raz de mar\u00e9e d&#039;infos sur la gastronomie bretonne\",\"potentialAction\":[{\"@type\":\"SearchAction\",\"target\":{\"@type\":\"EntryPoint\",\"urlTemplate\":\"https:\/\/www.tempetedelouest.fr\/blog\/?s={search_term_string}\"},\"query-input\":{\"@type\":\"PropertyValueSpecification\",\"valueRequired\":true,\"valueName\":\"search_term_string\"}}],\"inLanguage\":\"fr-FR\"},{\"@type\":\"Person\",\"@id\":\"https:\/\/www.tempetedelouest.fr\/blog\/#\/schema\/person\/503e256587cb6a291c432298d10c8b4d\",\"name\":\"Temp\u00eate de l'Ouest\",\"image\":{\"@type\":\"ImageObject\",\"inLanguage\":\"fr-FR\",\"@id\":\"https:\/\/www.tempetedelouest.fr\/blog\/#\/schema\/person\/image\/\",\"url\":\"https:\/\/secure.gravatar.com\/avatar\/78a8fb5799099ec83ef58895aa2111b9001a891ad5105c35ac6b9ca811f91996?s=96&d=mm&r=g\",\"contentUrl\":\"https:\/\/secure.gravatar.com\/avatar\/78a8fb5799099ec83ef58895aa2111b9001a891ad5105c35ac6b9ca811f91996?s=96&d=mm&r=g\",\"caption\":\"Temp\u00eate de l'Ouest\"},\"sameAs\":[\"https:\/\/www.facebook.com\/TempetedeLouest\/\",\"http:\/\/www.pinterest.com\/tempetedelouest\/\",\"https:\/\/x.com\/TempetedeLouest\"]}]}<\/script>\n<!-- \/ Yoast SEO plugin. -->","yoast_head_json":{"title":"\u21d2 Sp\u00e9cialit\u00e9s, Produits du Morbihan - Gastronomie bretonne du Morbihan","description":"Le Morbihan est un d\u00e9partement breton proposant de nombreuses sp\u00e9cialit\u00e9s gastronomiques et produits artisanaux. Venez vite les d\u00e9couvrir !","robots":{"index":"index","follow":"follow","max-snippet":"max-snippet:-1","max-image-preview":"max-image-preview:large","max-video-preview":"max-video-preview:-1"},"canonical":"https:\/\/www.tempetedelouest.fr\/blog\/specialites-morbihan\/","og_locale":"fr_FR","og_type":"article","og_title":"\u21d2 Sp\u00e9cialit\u00e9s, Produits du Morbihan - Gastronomie bretonne du Morbihan","og_description":"Le Morbihan est un d\u00e9partement breton proposant de nombreuses sp\u00e9cialit\u00e9s gastronomiques et produits artisanaux. Venez vite les d\u00e9couvrir !","og_url":"https:\/\/www.tempetedelouest.fr\/blog\/specialites-morbihan\/","og_site_name":"Le blog de Temp\u00eate de l&#039;Ouest !","article_publisher":"https:\/\/www.facebook.com\/TempetedeLouest","article_author":"https:\/\/www.facebook.com\/TempetedeLouest\/","article_published_time":"2016-02-18T15:11:16+00:00","article_modified_time":"2019-03-21T12:34:59+00:00","og_image":[{"width":2494,"height":1091,"url":"https:\/\/www.tempetedelouest.fr\/blog\/wp-content\/uploads\/2016\/02\/specialites-morbihan.jpg","type":"image\/jpeg"}],"author":"Temp\u00eate de l'Ouest","twitter_card":"summary_large_image","twitter_creator":"@TempetedeLouest","twitter_site":"@tempetedelouest","twitter_misc":{"\u00c9crit par":"Temp\u00eate de l'Ouest","Dur\u00e9e de lecture estim\u00e9e":"3 minutes"},"schema":{"@context":"https:\/\/schema.org","@graph":[{"@type":"Article","@id":"https:\/\/www.tempetedelouest.fr\/blog\/specialites-morbihan\/#article","isPartOf":{"@id":"https:\/\/www.tempetedelouest.fr\/blog\/specialites-morbihan\/"},"author":{"name":"Temp\u00eate de l'Ouest","@id":"https:\/\/www.tempetedelouest.fr\/blog\/#\/schema\/person\/503e256587cb6a291c432298d10c8b4d"},"headline":"Dossier sp\u00e9cialit\u00e9s bretonnes : les produits du Morbihan","datePublished":"2016-02-18T15:11:16+00:00","dateModified":"2019-03-21T12:34:59+00:00","mainEntityOfPage":{"@id":"https:\/\/www.tempetedelouest.fr\/blog\/specialites-morbihan\/"},"wordCount":531,"commentCount":2,"image":{"@id":"https:\/\/www.tempetedelouest.fr\/blog\/specialites-morbihan\/#primaryimage"},"thumbnailUrl":"https:\/\/www.tempetedelouest.fr\/blog\/wp-content\/uploads\/2016\/02\/specialites-morbihan.jpg","articleSection":["Marques et produits"],"inLanguage":"fr-FR","potentialAction":[{"@type":"CommentAction","name":"Comment","target":["https:\/\/www.tempetedelouest.fr\/blog\/specialites-morbihan\/#respond"]}]},{"@type":"WebPage","@id":"https:\/\/www.tempetedelouest.fr\/blog\/specialites-morbihan\/","url":"https:\/\/www.tempetedelouest.fr\/blog\/specialites-morbihan\/","name":"\u21d2 Sp\u00e9cialit\u00e9s, Produits du Morbihan - Gastronomie bretonne du Morbihan","isPartOf":{"@id":"https:\/\/www.tempetedelouest.fr\/blog\/#website"},"primaryImageOfPage":{"@id":"https:\/\/www.tempetedelouest.fr\/blog\/specialites-morbihan\/#primaryimage"},"image":{"@id":"https:\/\/www.tempetedelouest.fr\/blog\/specialites-morbihan\/#primaryimage"},"thumbnailUrl":"https:\/\/www.tempetedelouest.fr\/blog\/wp-content\/uploads\/2016\/02\/specialites-morbihan.jpg","datePublished":"2016-02-18T15:11:16+00:00","dateModified":"2019-03-21T12:34:59+00:00","author":{"@id":"https:\/\/www.tempetedelouest.fr\/blog\/#\/schema\/person\/503e256587cb6a291c432298d10c8b4d"},"description":"Le Morbihan est un d\u00e9partement breton proposant de nombreuses sp\u00e9cialit\u00e9s gastronomiques et produits artisanaux. Venez vite les d\u00e9couvrir !","breadcrumb":{"@id":"https:\/\/www.tempetedelouest.fr\/blog\/specialites-morbihan\/#breadcrumb"},"inLanguage":"fr-FR","potentialAction":[{"@type":"ReadAction","target":["https:\/\/www.tempetedelouest.fr\/blog\/specialites-morbihan\/"]}]},{"@type":"ImageObject","inLanguage":"fr-FR","@id":"https:\/\/www.tempetedelouest.fr\/blog\/specialites-morbihan\/#primaryimage","url":"https:\/\/www.tempetedelouest.fr\/blog\/wp-content\/uploads\/2016\/02\/specialites-morbihan.jpg","contentUrl":"https:\/\/www.tempetedelouest.fr\/blog\/wp-content\/uploads\/2016\/02\/specialites-morbihan.jpg","width":2494,"height":1091,"caption":"Cr\u00e9dits : By Nono vlf (Own work) | Wikimedia Commons"},{"@type":"BreadcrumbList","@id":"https:\/\/www.tempetedelouest.fr\/blog\/specialites-morbihan\/#breadcrumb","itemListElement":[{"@type":"ListItem","position":1,"name":"Accueil","item":"https:\/\/www.tempetedelouest.fr\/blog\/"},{"@type":"ListItem","position":2,"name":"Marques et produits","item":"https:\/\/www.tempetedelouest.fr\/blog\/marques-et-produits\/"},{"@type":"ListItem","position":3,"name":"Dossier sp\u00e9cialit\u00e9s bretonnes : les produits du Morbihan"}]},{"@type":"WebSite","@id":"https:\/\/www.tempetedelouest.fr\/blog\/#website","url":"https:\/\/www.tempetedelouest.fr\/blog\/","name":"Le blog de Temp\u00eate de l'Ouest !","description":"Un raz de mar\u00e9e d&#039;infos sur la gastronomie bretonne","potentialAction":[{"@type":"SearchAction","target":{"@type":"EntryPoint","urlTemplate":"https:\/\/www.tempetedelouest.fr\/blog\/?s={search_term_string}"},"query-input":{"@type":"PropertyValueSpecification","valueRequired":true,"valueName":"search_term_string"}}],"inLanguage":"fr-FR"},{"@type":"Person","@id":"https:\/\/www.tempetedelouest.fr\/blog\/#\/schema\/person\/503e256587cb6a291c432298d10c8b4d","name":"Temp\u00eate de l'Ouest","image":{"@type":"ImageObject","inLanguage":"fr-FR","@id":"https:\/\/www.tempetedelouest.fr\/blog\/#\/schema\/person\/image\/","url":"https:\/\/secure.gravatar.com\/avatar\/78a8fb5799099ec83ef58895aa2111b9001a891ad5105c35ac6b9ca811f91996?s=96&d=mm&r=g","contentUrl":"https:\/\/secure.gravatar.com\/avatar\/78a8fb5799099ec83ef58895aa2111b9001a891ad5105c35ac6b9ca811f91996?s=96&d=mm&r=g","caption":"Temp\u00eate de l'Ouest"},"sameAs":["https:\/\/www.facebook.com\/TempetedeLouest\/","http:\/\/www.pinterest.com\/tempetedelouest\/","https:\/\/x.com\/TempetedeLouest"]}]}},"_links":{"self":[{"href":"https:\/\/www.tempetedelouest.fr\/blog\/wp-json\/wp\/v2\/posts\/1793","targetHints":{"allow":["GET"]}}],"collection":[{"href":"https:\/\/www.tempetedelouest.fr\/blog\/wp-json\/wp\/v2\/posts"}],"about":[{"href":"https:\/\/www.tempetedelouest.fr\/blog\/wp-json\/wp\/v2\/types\/post"}],"author":[{"embeddable":true,"href":"https:\/\/www.tempetedelouest.fr\/blog\/wp-json\/wp\/v2\/users\/1"}],"replies":[{"embeddable":true,"href":"https:\/\/www.tempetedelouest.fr\/blog\/wp-json\/wp\/v2\/comments?post=1793"}],"version-history":[{"count":0,"href":"https:\/\/www.tempetedelouest.fr\/blog\/wp-json\/wp\/v2\/posts\/1793\/revisions"}],"wp:featuredmedia":[{"embeddable":true,"href":"https:\/\/www.tempetedelouest.fr\/blog\/wp-json\/wp\/v2\/media\/1806"}],"wp:attachment":[{"href":"https:\/\/www.tempetedelouest.fr\/blog\/wp-json\/wp\/v2\/media?parent=1793"}],"wp:term":[{"taxonomy":"category","embeddable":true,"href":"https:\/\/www.tempetedelouest.fr\/blog\/wp-json\/wp\/v2\/categories?post=1793"},{"taxonomy":"post_tag","embeddable":true,"href":"https:\/\/www.tempetedelouest.fr\/blog\/wp-json\/wp\/v2\/tags?post=1793"}],"curies":[{"name":"wp","href":"https:\/\/api.w.org\/{rel}","templated":true}]}}