{"id":157,"date":"2013-10-30T11:29:35","date_gmt":"2013-10-30T10:29:35","guid":{"rendered":"http:\/\/tempetedelouest.fr\/blog\/?p=157"},"modified":"2023-03-21T21:35:16","modified_gmt":"2023-03-21T20:35:16","slug":"agenda-gastronomique-novembre-2013","status":"publish","type":"post","link":"https:\/\/www.tempetedelouest.fr\/blog\/agenda-gastronomique-novembre-2013\/","title":{"rendered":"[Agenda gastronomique] : les \u00e9v\u00e9nements de novembre 2013"},"content":{"rendered":"<p><center><strong>Notez cet article:<\/strong> <span id=\"post-ratings-157\" class=\"post-ratings\" data-nonce=\"1cade2a906\"><span class=\"review hreview-aggregate\"><span class=\"rating\"><img decoding=\"async\" id=\"rating_157_1\" src=\"https:\/\/www.tempetedelouest.fr\/blog\/wp-content\/plugins\/wp-postratings\/images\/stars_crystal\/rating_on.gif\" alt=\"1 \u00e9toile\" title=\"1 \u00e9toile\" onmouseover=\"current_rating(157, 1, '1 \u00e9toile');\" onmouseout=\"ratings_off(3.8, 4, 0);\" onclick=\"rate_post();\" onkeypress=\"rate_post();\" style=\"cursor: pointer; border: 0px;\" \/><img decoding=\"async\" id=\"rating_157_2\" src=\"https:\/\/www.tempetedelouest.fr\/blog\/wp-content\/plugins\/wp-postratings\/images\/stars_crystal\/rating_on.gif\" alt=\"2 \u00e9toiles\" title=\"2 \u00e9toiles\" onmouseover=\"current_rating(157, 2, '2 \u00e9toiles');\" onmouseout=\"ratings_off(3.8, 4, 0);\" onclick=\"rate_post();\" onkeypress=\"rate_post();\" style=\"cursor: pointer; border: 0px;\" \/><img decoding=\"async\" id=\"rating_157_3\" src=\"https:\/\/www.tempetedelouest.fr\/blog\/wp-content\/plugins\/wp-postratings\/images\/stars_crystal\/rating_on.gif\" alt=\"3 \u00e9toiles\" title=\"3 \u00e9toiles\" onmouseover=\"current_rating(157, 3, '3 \u00e9toiles');\" onmouseout=\"ratings_off(3.8, 4, 0);\" onclick=\"rate_post();\" onkeypress=\"rate_post();\" style=\"cursor: pointer; border: 0px;\" \/><img decoding=\"async\" id=\"rating_157_4\" src=\"https:\/\/www.tempetedelouest.fr\/blog\/wp-content\/plugins\/wp-postratings\/images\/stars_crystal\/rating_half.gif\" alt=\"4 \u00e9toiles\" title=\"4 \u00e9toiles\" onmouseover=\"current_rating(157, 4, '4 \u00e9toiles');\" onmouseout=\"ratings_off(3.8, 4, 0);\" onclick=\"rate_post();\" onkeypress=\"rate_post();\" style=\"cursor: pointer; border: 0px;\" \/><img decoding=\"async\" id=\"rating_157_5\" src=\"https:\/\/www.tempetedelouest.fr\/blog\/wp-content\/plugins\/wp-postratings\/images\/stars_crystal\/rating_off.gif\" alt=\"5 \u00e9toiles\" title=\"5 \u00e9toiles\" onmouseover=\"current_rating(157, 5, '5 \u00e9toiles');\" onmouseout=\"ratings_off(3.8, 4, 0);\" onclick=\"rate_post();\" onkeypress=\"rate_post();\" style=\"cursor: pointer; border: 0px;\" \/> <span class=\"count\">5<\/span>  votes | moyenne: <span class=\"average\">3,80<\/span>  sur 5 <span class=\"post-ratings-text\" id=\"ratings_157_text\"><\/span>\r\n<\/span><\/span><\/span><span id=\"post-ratings-157-loading\" class=\"post-ratings-loading\"><img loading=\"lazy\" decoding=\"async\" src=\"https:\/\/www.tempetedelouest.fr\/blog\/wp-content\/plugins\/wp-postratings\/images\/loading.gif\" width=\"16\" height=\"16\" class=\"post-ratings-image\" \/>Loading...<\/span><\/center><br \/>\n&nbsp;<\/p>\n<p style=\"text-align: justify; padding-left: 30px;\">Tous les mois, nous allons tenter de recenser pour vous toutes les f\u00eates et \u00e9v\u00e9nements autour de la gastronomique bretonne qui auront lieu en Bretagne (ou m\u00eame ailleurs !)<\/p>\n<p style=\"text-align: justify;\">Suivez le guide pour le mois de novembre :<\/p>\n<table cellspacing=\"0\" cellpadding=\"0\">\n<tbody>\n<tr style=\"background: #2D5C88;\">\n<td style=\"text-align: center; padding: 5px;\">\n<div style=\"font-family: Pacifico; color: #fff; font-size: 18px;\">Ev\u00e9nement<\/div>\n<\/td>\n<td style=\"text-align: center; width: 20%;\">\n<div style=\"font-family: Pacifico; color: #fff; font-size: 18px;\">Dates<\/div>\n<\/td>\n<td style=\"text-align: center;\">\n<div style=\"font-family: Pacifico; color: #fff; font-size: 18px;\">Activit\u00e9s<\/div>\n<\/td>\n<td style=\"text-align: center;\">\n<div style=\"font-family: Pacifico; color: #fff; font-size: 18px;\">Adresse et Contact<\/div>\n<\/td>\n<td style=\"text-align: center;\">\n<div style=\"font-family: Pacifico; color: #fff; font-size: 18px;\">Tarif<\/div>\n<\/td>\n<\/tr>\n<tr style=\"background: #F8F8F8;\">\n<td><\/p>\n<p style=\"text-align: center;\"><strong>Salon des vins et de la gastronomie \u00e0 Rennes (35)<\/strong><br \/>\n<img loading=\"lazy\" decoding=\"async\" src=\"https:\/\/www.tempetedelouest.fr\/blog\/wp-content\/uploads\/2013\/10\/salon-vin-gastronomie.jpg\" alt=\"salon-vin-gastronomie\" width=\"120\" height=\"129\" class=\"aligncenter size-full wp-image-106\"><\/p>\n<\/td>\n<td style=\"text-align: center;\">Du 1er au 4 novembre<\/td>\n<td>\n<ul>\n<li>D\u00e9couverte de productions vinicoles<\/li>\n<li>D\u00e9couverte de sp\u00e9cialit\u00e9s gastronomiques fran\u00e7aises<\/li>\n<li>D\u00e9gustations de produits viticoles et gastronomiques<\/li>\n<\/ul>\n<\/td>\n<td style=\"text-align: center;\">Parc des expositions,<br \/>\nRennes<br \/>\n<a href=\"http:\/\/www.salondelagastronomie.fr\/\" target=\"_blank\" rel=\"noopener\">Site officiel<\/a><\/td>\n<td style=\"text-align: center;\">6\u20ac<br \/>\nGratuit pour les moins de 16 ans<\/td>\n<\/tr>\n<tr>\n<td>\n<p style=\"text-align: center;\"><strong>Salon Saveurs des Terroirs \u00e0 Landerneau (29)<\/strong>\n<\/p>\n<\/td>\n<td style=\"text-align: center;\">Du 1er au 3 novembre<\/td>\n<td>\n<ul>\n<li>Rassemblement de professionnels de la gastronomie de toute la France (vignerons, producteurs fermiers, chefs cuisinier, p\u00e2tissiers&#8230;)<\/li>\n<li>D\u00e9couverte de nombreuses sp\u00e9cialit\u00e9s, savoir-faire et traditions<\/li>\n<li>Animations et d\u00e9monstrations de cuisine<\/li>\n<li>D\u00e9gustations gratuites<\/li>\n<\/ul>\n<\/td>\n<td style=\"text-align: center;\">Salle de St Ernel,<br \/>\nLanderneau<br \/>\n<a href=\"http:\/\/www.puissance9.com\/\" target=\"_blank\" rel=\"noopener\">Site officiel<\/a><\/td>\n<td style=\"text-align: center;\">Entr\u00e9e gratuite<\/td>\n<\/tr>\n<tr style=\"background: #F8F8F8;\">\n<td>\n<p style=\"text-align: center;\"><strong>Salon de la Gastronomie et de l&rsquo;Artisanat \u00e0 Plouarzel (29)<\/strong><\/p>\n<\/td>\n<td style=\"text-align: center;\">2 et 3 novembre<\/td>\n<td>\n<ul>\n<li>D\u00e9couverte de produits du terroir et vins<\/li>\n<li>Nombreux stands vari\u00e9s d&rsquo;artisanat<\/li>\n<\/ul>\n<\/td>\n<td style=\"text-align: center;\">Salle polyvalente,<br \/>\nPlouarzel<br \/>\n<a href=\"http:\/\/www.tourismeplouarzel.fr\/\" target=\"_blank\" rel=\"noopener\">Site officiel<\/a><\/td>\n<td style=\"text-align: center;\">Entr\u00e9e gratuite<\/td>\n<\/tr>\n<tr style=\"background: #FFFFFF;\">\n<td>\n<\/p>\n<p style=\"text-align: center;\"><strong>Salon Gourmets &amp; Vins \u00e0 Saint-Malo (35)<\/strong><br \/>\n<img loading=\"lazy\" decoding=\"async\" src=\"https:\/\/www.tempetedelouest.fr\/blog\/wp-content\/uploads\/2013\/10\/salon-gourmets-vins.jpg\" alt=\"salon-gourmets-vins\" width=\"120\" height=\"81\" class=\"aligncenter size-full wp-image-229\" \/><\/p>\n<\/td>\n<td style=\"text-align: center;\">Du 8 au 10 novembre<\/td>\n<td>\n<ul>\n<li>Le rendez-vous des gourmands et gourmets<\/li>\n<li>D\u00e9couverte de produits innovants<\/li>\n<li>Les secrets de tours de mains de chefs d\u00e9voil\u00e9s<\/li>\n<li>D\u00e9gustation de plats de chefs \u00e9toil\u00e9s<\/li>\n<\/ul>\n<\/td>\n<td style=\"text-align: center;\">4 avenue Louis Martin,<br \/>\nSaint Malo<br \/>\nSite officiel<\/td>\n<td style=\"text-align: center;\">6\u20ac<\/td>\n<\/tr>\n<tr style=\"background: #F8F8F8;\">\n<td>\n<\/p>\n<p style=\"text-align: center;\"><strong>Salon des vins et de la gastronomie \u00e0 Brest (29)<\/strong><br \/>\n<img loading=\"lazy\" decoding=\"async\" src=\"https:\/\/www.tempetedelouest.fr\/blog\/wp-content\/uploads\/2013\/10\/salon-vin-gastronomie.jpg\" alt=\"salon-vin-gastronomie\" width=\"120\" height=\"129\" class=\"aligncenter size-full wp-image-106\"><\/p>\n<\/td>\n<td style=\"text-align: center;\">Du 8 au 11 novembre<\/td>\n<td>\n<ul>\n<li>D\u00e9couverte de productions vinicoles<\/li>\n<li>D\u00e9couverte de sp\u00e9cialit\u00e9s gastronomiques fran\u00e7aises<\/li>\n<li>D\u00e9gustations de produits viticoles et gastronomiques<\/li>\n<\/ul>\n<\/td>\n<td style=\"text-align: center;\">Parc des expositions de Penfeld,<br \/>\nRennes<br \/>\n<a href=\"http:\/\/www.salondelagastronomie.fr\/\" target=\"_blank\" rel=\"noopener\">Site officiel<\/a><\/td>\n<td style=\"text-align: center;\">6\u20ac<br \/>\nGratuit pour les moins de 16 ans<\/td>\n<\/tr>\n<tr>\n<td>\n<\/p>\n<p style=\"text-align: center;\"><strong>Salon du chocolat et gourmandises \u00e0 Vannes (35)<\/strong><br \/>\n<img loading=\"lazy\" decoding=\"async\" src=\"https:\/\/www.tempetedelouest.fr\/blog\/wp-content\/uploads\/2013\/10\/salon-chocolat-vannes.jpg\" alt=\"Salon du chocolat Vannes\" width=\"120\" height=\"87\" class=\"aligncenter size-full wp-image-230\" \/><\/p>\n<\/td>\n<td style=\"text-align: center;\">Du 8 au 11 novembre<\/td>\n<td>\n<ul>\n<li>Rencontre avec des chocolatiers \u00e9lus meilleurs ouvriers de France et champions du monde<\/li>\n<li>D\u00e9monstrations de Ma\u00eetres chocolatiers<\/li>\n<li>D\u00e9gustations<\/li>\n<li>Soir\u00e9e Chocolat\u00e9e (sur inscription ici) avec menu sur le th\u00e8me du chocolat<\/li>\n<li>Nombreux concours (plus d&rsquo;informations)<\/li>\n<\/ul>\n<\/td>\n<td style=\"text-align: center; padding-top: 15px; padding-bottom: 15px;\">Le Chorus,<br \/>\nVannes<br \/>\n<a href=\"https:\/\/www.salon-chocolat-patisserie.fr\/\" target=\"_blank\" rel=\"noopener\">Site officiel<\/a><\/td>\n<td style=\"text-align: center;\"><\/td>\n<\/tr>\n<tr style=\"background: #F8F8F8;\">\n<td>\n<p style=\"text-align: center;\"><strong>Salon Saveurs des Terroirs \u00e0 Pont L&rsquo;Abb\u00e9 (29)<\/strong><\/p>\n<\/td>\n<td style=\"text-align: center;\">Du 9 au 11 novembre<\/td>\n<td>\n<ul>\n<li>Rassemblement de professionnels de la gastronomie de toute la France (vignerons, producteurs fermiers, chefs cuisinier, p\u00e2tissiers&#8230;)<\/li>\n<li>D\u00e9couverte de nombreuses sp\u00e9cialit\u00e9s, savoir-faire et traditions<\/li>\n<li>Animations et d\u00e9monstrations de cuisine<\/li>\n<li>D\u00e9gustations gratuites<\/li>\n<\/ul>\n<\/td>\n<td style=\"text-align: center; padding-top: 15px; padding-bottom: 15px;\">Centre de Congr\u00e8s Le Triskell,<br \/>\nPont L&rsquo;Abb\u00e9<br \/>\n<a href=\"http:\/\/www.puissance9.com\/\" target=\"_blank\" rel=\"noopener\">Site officiel<\/a><\/td>\n<td style=\"text-align: center;\">Entr\u00e9e gratuite<\/td>\n<\/tr>\n<tr>\n<td>\n<p style=\"text-align: center;\"><strong>Festival des plantes, du terroir et de l&rsquo;artisanat \u00e0 Erdeven (56)<\/strong><\/p>\n<\/td>\n<td style=\"text-align: center;\">17 novembre<\/td>\n<td>\n<ul>\n<li>Nombreux stands : p\u00e9pini\u00e9ristes, horticulteurs, fleuristes, fruitiers, confituriers, fromagers, boulangers&#8230;<\/li>\n<li>Restauration et buvette<\/li>\n<\/ul>\n<\/td>\n<td style=\"text-align: center; padding-top: 15px; padding-bottom: 15px;\">Salle polyvalente et en ext\u00e9rieur,<br \/>\nErdeven<br \/>\n<a href=\"http:\/\/www.ot-erdeven.fr\/\" target=\"_blank\" rel=\"noopener\">Site officiel<\/a><\/td>\n<td style=\"text-align: center;\">1\u20ac<br \/>\nGratuit par les moins de 12 ans<\/td>\n<\/tr>\n<\/tbody>\n<\/table>\n","protected":false},"excerpt":{"rendered":"<p>Notez cet article: &nbsp; Tous les mois, nous allons tenter de recenser pour vous toutes les f\u00eates et \u00e9v\u00e9nements autour de la gastronomique bretonne qui auront lieu en Bretagne (ou m\u00eame ailleurs !) Suivez le guide pour le mois de novembre : Ev\u00e9nement Dates Activit\u00e9s Adresse et Contact Tarif Salon des vins et de la [&#8230;]\n","protected":false},"author":1,"featured_media":127,"comment_status":"open","ping_status":"open","sticky":false,"template":"","format":"standard","meta":{"footnotes":""},"categories":[1],"tags":[],"class_list":["post-157","post","type-post","status-publish","format-standard","has-post-thumbnail","hentry","category-actualites"],"yoast_head":"<!-- This site is optimized with the Yoast SEO plugin v27.1.1 - https:\/\/yoast.com\/product\/yoast-seo-wordpress\/ -->\n<title>Agenda gastronomique en Bretagne Novembre 2013 - Temp\u00eate de l&#039;Ouest<\/title>\n<meta name=\"description\" content=\"Retrouvez tous les \u00e9v\u00e9nements, les f\u00eates, expositions et sorties diverses autour du th\u00e8me de la gastronomie bretonne pour le mois de novembre 2013.\" \/>\n<meta name=\"robots\" content=\"index, follow, max-snippet:-1, max-image-preview:large, max-video-preview:-1\" \/>\n<link rel=\"canonical\" href=\"https:\/\/www.tempetedelouest.fr\/blog\/agenda-gastronomique-novembre-2013\/\" \/>\n<meta property=\"og:locale\" content=\"fr_FR\" \/>\n<meta property=\"og:type\" content=\"article\" \/>\n<meta property=\"og:title\" content=\"Agenda gastronomique en Bretagne Novembre 2013 - Temp\u00eate de l&#039;Ouest\" \/>\n<meta property=\"og:description\" content=\"Retrouvez tous les \u00e9v\u00e9nements, les f\u00eates, expositions et sorties diverses autour du th\u00e8me de la gastronomie bretonne pour le mois de novembre 2013.\" \/>\n<meta property=\"og:url\" content=\"https:\/\/www.tempetedelouest.fr\/blog\/agenda-gastronomique-novembre-2013\/\" \/>\n<meta property=\"og:site_name\" content=\"Le blog de Temp\u00eate de l&#039;Ouest !\" \/>\n<meta property=\"article:publisher\" content=\"https:\/\/www.facebook.com\/TempetedeLouest\" \/>\n<meta property=\"article:author\" content=\"https:\/\/www.facebook.com\/TempetedeLouest\/\" \/>\n<meta property=\"article:published_time\" content=\"2013-10-30T10:29:35+00:00\" \/>\n<meta property=\"article:modified_time\" content=\"2023-03-21T20:35:16+00:00\" \/>\n<meta property=\"og:image\" content=\"https:\/\/www.tempetedelouest.fr\/blog\/wp-content\/uploads\/2013\/10\/calendrier.jpg\" \/>\n\t<meta property=\"og:image:width\" content=\"600\" \/>\n\t<meta property=\"og:image:height\" content=\"600\" \/>\n\t<meta property=\"og:image:type\" content=\"image\/jpeg\" \/>\n<meta name=\"author\" content=\"Temp\u00eate de l&#039;Ouest\" \/>\n<meta name=\"twitter:card\" content=\"summary_large_image\" \/>\n<meta name=\"twitter:creator\" content=\"@TempetedeLouest\" \/>\n<meta name=\"twitter:site\" content=\"@tempetedelouest\" \/>\n<meta name=\"twitter:label1\" content=\"\u00c9crit par\" \/>\n\t<meta name=\"twitter:data1\" content=\"Temp\u00eate de l&#039;Ouest\" \/>\n\t<meta name=\"twitter:label2\" content=\"Dur\u00e9e de lecture estim\u00e9e\" \/>\n\t<meta name=\"twitter:data2\" content=\"2 minutes\" \/>\n<script type=\"application\/ld+json\" class=\"yoast-schema-graph\">{\"@context\":\"https:\/\/schema.org\",\"@graph\":[{\"@type\":\"Article\",\"@id\":\"https:\/\/www.tempetedelouest.fr\/blog\/agenda-gastronomique-novembre-2013\/#article\",\"isPartOf\":{\"@id\":\"https:\/\/www.tempetedelouest.fr\/blog\/agenda-gastronomique-novembre-2013\/\"},\"author\":{\"name\":\"Temp\u00eate de l'Ouest\",\"@id\":\"https:\/\/www.tempetedelouest.fr\/blog\/#\/schema\/person\/503e256587cb6a291c432298d10c8b4d\"},\"headline\":\"[Agenda gastronomique] : les \u00e9v\u00e9nements de novembre 2013\",\"datePublished\":\"2013-10-30T10:29:35+00:00\",\"dateModified\":\"2023-03-21T20:35:16+00:00\",\"mainEntityOfPage\":{\"@id\":\"https:\/\/www.tempetedelouest.fr\/blog\/agenda-gastronomique-novembre-2013\/\"},\"wordCount\":439,\"commentCount\":0,\"image\":{\"@id\":\"https:\/\/www.tempetedelouest.fr\/blog\/agenda-gastronomique-novembre-2013\/#primaryimage\"},\"thumbnailUrl\":\"https:\/\/www.tempetedelouest.fr\/blog\/wp-content\/uploads\/2013\/10\/calendrier.jpg\",\"articleSection\":[\"Actus\"],\"inLanguage\":\"fr-FR\",\"potentialAction\":[{\"@type\":\"CommentAction\",\"name\":\"Comment\",\"target\":[\"https:\/\/www.tempetedelouest.fr\/blog\/agenda-gastronomique-novembre-2013\/#respond\"]}]},{\"@type\":\"WebPage\",\"@id\":\"https:\/\/www.tempetedelouest.fr\/blog\/agenda-gastronomique-novembre-2013\/\",\"url\":\"https:\/\/www.tempetedelouest.fr\/blog\/agenda-gastronomique-novembre-2013\/\",\"name\":\"Agenda gastronomique en Bretagne Novembre 2013 - Temp\u00eate de l'Ouest\",\"isPartOf\":{\"@id\":\"https:\/\/www.tempetedelouest.fr\/blog\/#website\"},\"primaryImageOfPage\":{\"@id\":\"https:\/\/www.tempetedelouest.fr\/blog\/agenda-gastronomique-novembre-2013\/#primaryimage\"},\"image\":{\"@id\":\"https:\/\/www.tempetedelouest.fr\/blog\/agenda-gastronomique-novembre-2013\/#primaryimage\"},\"thumbnailUrl\":\"https:\/\/www.tempetedelouest.fr\/blog\/wp-content\/uploads\/2013\/10\/calendrier.jpg\",\"datePublished\":\"2013-10-30T10:29:35+00:00\",\"dateModified\":\"2023-03-21T20:35:16+00:00\",\"author\":{\"@id\":\"https:\/\/www.tempetedelouest.fr\/blog\/#\/schema\/person\/503e256587cb6a291c432298d10c8b4d\"},\"description\":\"Retrouvez tous les \u00e9v\u00e9nements, les f\u00eates, expositions et sorties diverses autour du th\u00e8me de la gastronomie bretonne pour le mois de novembre 2013.\",\"breadcrumb\":{\"@id\":\"https:\/\/www.tempetedelouest.fr\/blog\/agenda-gastronomique-novembre-2013\/#breadcrumb\"},\"inLanguage\":\"fr-FR\",\"potentialAction\":[{\"@type\":\"ReadAction\",\"target\":[\"https:\/\/www.tempetedelouest.fr\/blog\/agenda-gastronomique-novembre-2013\/\"]}]},{\"@type\":\"ImageObject\",\"inLanguage\":\"fr-FR\",\"@id\":\"https:\/\/www.tempetedelouest.fr\/blog\/agenda-gastronomique-novembre-2013\/#primaryimage\",\"url\":\"https:\/\/www.tempetedelouest.fr\/blog\/wp-content\/uploads\/2013\/10\/calendrier.jpg\",\"contentUrl\":\"https:\/\/www.tempetedelouest.fr\/blog\/wp-content\/uploads\/2013\/10\/calendrier.jpg\",\"width\":600,\"height\":600},{\"@type\":\"BreadcrumbList\",\"@id\":\"https:\/\/www.tempetedelouest.fr\/blog\/agenda-gastronomique-novembre-2013\/#breadcrumb\",\"itemListElement\":[{\"@type\":\"ListItem\",\"position\":1,\"name\":\"Accueil\",\"item\":\"https:\/\/www.tempetedelouest.fr\/blog\/\"},{\"@type\":\"ListItem\",\"position\":2,\"name\":\"Actus\",\"item\":\"https:\/\/www.tempetedelouest.fr\/blog\/actualites\/\"},{\"@type\":\"ListItem\",\"position\":3,\"name\":\"[Agenda gastronomique] : les \u00e9v\u00e9nements de novembre 2013\"}]},{\"@type\":\"WebSite\",\"@id\":\"https:\/\/www.tempetedelouest.fr\/blog\/#website\",\"url\":\"https:\/\/www.tempetedelouest.fr\/blog\/\",\"name\":\"Le blog de Temp\u00eate de l'Ouest !\",\"description\":\"Un raz de mar\u00e9e d&#039;infos sur la gastronomie bretonne\",\"potentialAction\":[{\"@type\":\"SearchAction\",\"target\":{\"@type\":\"EntryPoint\",\"urlTemplate\":\"https:\/\/www.tempetedelouest.fr\/blog\/?s={search_term_string}\"},\"query-input\":{\"@type\":\"PropertyValueSpecification\",\"valueRequired\":true,\"valueName\":\"search_term_string\"}}],\"inLanguage\":\"fr-FR\"},{\"@type\":\"Person\",\"@id\":\"https:\/\/www.tempetedelouest.fr\/blog\/#\/schema\/person\/503e256587cb6a291c432298d10c8b4d\",\"name\":\"Temp\u00eate de l'Ouest\",\"image\":{\"@type\":\"ImageObject\",\"inLanguage\":\"fr-FR\",\"@id\":\"https:\/\/www.tempetedelouest.fr\/blog\/#\/schema\/person\/image\/\",\"url\":\"https:\/\/secure.gravatar.com\/avatar\/78a8fb5799099ec83ef58895aa2111b9001a891ad5105c35ac6b9ca811f91996?s=96&d=mm&r=g\",\"contentUrl\":\"https:\/\/secure.gravatar.com\/avatar\/78a8fb5799099ec83ef58895aa2111b9001a891ad5105c35ac6b9ca811f91996?s=96&d=mm&r=g\",\"caption\":\"Temp\u00eate de l'Ouest\"},\"sameAs\":[\"https:\/\/www.facebook.com\/TempetedeLouest\/\",\"http:\/\/www.pinterest.com\/tempetedelouest\/\",\"https:\/\/x.com\/TempetedeLouest\"]}]}<\/script>\n<!-- \/ Yoast SEO plugin. -->","yoast_head_json":{"title":"Agenda gastronomique en Bretagne Novembre 2013 - Temp\u00eate de l'Ouest","description":"Retrouvez tous les \u00e9v\u00e9nements, les f\u00eates, expositions et sorties diverses autour du th\u00e8me de la gastronomie bretonne pour le mois de novembre 2013.","robots":{"index":"index","follow":"follow","max-snippet":"max-snippet:-1","max-image-preview":"max-image-preview:large","max-video-preview":"max-video-preview:-1"},"canonical":"https:\/\/www.tempetedelouest.fr\/blog\/agenda-gastronomique-novembre-2013\/","og_locale":"fr_FR","og_type":"article","og_title":"Agenda gastronomique en Bretagne Novembre 2013 - Temp\u00eate de l'Ouest","og_description":"Retrouvez tous les \u00e9v\u00e9nements, les f\u00eates, expositions et sorties diverses autour du th\u00e8me de la gastronomie bretonne pour le mois de novembre 2013.","og_url":"https:\/\/www.tempetedelouest.fr\/blog\/agenda-gastronomique-novembre-2013\/","og_site_name":"Le blog de Temp\u00eate de l&#039;Ouest !","article_publisher":"https:\/\/www.facebook.com\/TempetedeLouest","article_author":"https:\/\/www.facebook.com\/TempetedeLouest\/","article_published_time":"2013-10-30T10:29:35+00:00","article_modified_time":"2023-03-21T20:35:16+00:00","og_image":[{"width":600,"height":600,"url":"https:\/\/www.tempetedelouest.fr\/blog\/wp-content\/uploads\/2013\/10\/calendrier.jpg","type":"image\/jpeg"}],"author":"Temp\u00eate de l'Ouest","twitter_card":"summary_large_image","twitter_creator":"@TempetedeLouest","twitter_site":"@tempetedelouest","twitter_misc":{"\u00c9crit par":"Temp\u00eate de l'Ouest","Dur\u00e9e de lecture estim\u00e9e":"2 minutes"},"schema":{"@context":"https:\/\/schema.org","@graph":[{"@type":"Article","@id":"https:\/\/www.tempetedelouest.fr\/blog\/agenda-gastronomique-novembre-2013\/#article","isPartOf":{"@id":"https:\/\/www.tempetedelouest.fr\/blog\/agenda-gastronomique-novembre-2013\/"},"author":{"name":"Temp\u00eate de l'Ouest","@id":"https:\/\/www.tempetedelouest.fr\/blog\/#\/schema\/person\/503e256587cb6a291c432298d10c8b4d"},"headline":"[Agenda gastronomique] : les \u00e9v\u00e9nements de novembre 2013","datePublished":"2013-10-30T10:29:35+00:00","dateModified":"2023-03-21T20:35:16+00:00","mainEntityOfPage":{"@id":"https:\/\/www.tempetedelouest.fr\/blog\/agenda-gastronomique-novembre-2013\/"},"wordCount":439,"commentCount":0,"image":{"@id":"https:\/\/www.tempetedelouest.fr\/blog\/agenda-gastronomique-novembre-2013\/#primaryimage"},"thumbnailUrl":"https:\/\/www.tempetedelouest.fr\/blog\/wp-content\/uploads\/2013\/10\/calendrier.jpg","articleSection":["Actus"],"inLanguage":"fr-FR","potentialAction":[{"@type":"CommentAction","name":"Comment","target":["https:\/\/www.tempetedelouest.fr\/blog\/agenda-gastronomique-novembre-2013\/#respond"]}]},{"@type":"WebPage","@id":"https:\/\/www.tempetedelouest.fr\/blog\/agenda-gastronomique-novembre-2013\/","url":"https:\/\/www.tempetedelouest.fr\/blog\/agenda-gastronomique-novembre-2013\/","name":"Agenda gastronomique en Bretagne Novembre 2013 - Temp\u00eate de l'Ouest","isPartOf":{"@id":"https:\/\/www.tempetedelouest.fr\/blog\/#website"},"primaryImageOfPage":{"@id":"https:\/\/www.tempetedelouest.fr\/blog\/agenda-gastronomique-novembre-2013\/#primaryimage"},"image":{"@id":"https:\/\/www.tempetedelouest.fr\/blog\/agenda-gastronomique-novembre-2013\/#primaryimage"},"thumbnailUrl":"https:\/\/www.tempetedelouest.fr\/blog\/wp-content\/uploads\/2013\/10\/calendrier.jpg","datePublished":"2013-10-30T10:29:35+00:00","dateModified":"2023-03-21T20:35:16+00:00","author":{"@id":"https:\/\/www.tempetedelouest.fr\/blog\/#\/schema\/person\/503e256587cb6a291c432298d10c8b4d"},"description":"Retrouvez tous les \u00e9v\u00e9nements, les f\u00eates, expositions et sorties diverses autour du th\u00e8me de la gastronomie bretonne pour le mois de novembre 2013.","breadcrumb":{"@id":"https:\/\/www.tempetedelouest.fr\/blog\/agenda-gastronomique-novembre-2013\/#breadcrumb"},"inLanguage":"fr-FR","potentialAction":[{"@type":"ReadAction","target":["https:\/\/www.tempetedelouest.fr\/blog\/agenda-gastronomique-novembre-2013\/"]}]},{"@type":"ImageObject","inLanguage":"fr-FR","@id":"https:\/\/www.tempetedelouest.fr\/blog\/agenda-gastronomique-novembre-2013\/#primaryimage","url":"https:\/\/www.tempetedelouest.fr\/blog\/wp-content\/uploads\/2013\/10\/calendrier.jpg","contentUrl":"https:\/\/www.tempetedelouest.fr\/blog\/wp-content\/uploads\/2013\/10\/calendrier.jpg","width":600,"height":600},{"@type":"BreadcrumbList","@id":"https:\/\/www.tempetedelouest.fr\/blog\/agenda-gastronomique-novembre-2013\/#breadcrumb","itemListElement":[{"@type":"ListItem","position":1,"name":"Accueil","item":"https:\/\/www.tempetedelouest.fr\/blog\/"},{"@type":"ListItem","position":2,"name":"Actus","item":"https:\/\/www.tempetedelouest.fr\/blog\/actualites\/"},{"@type":"ListItem","position":3,"name":"[Agenda gastronomique] : les \u00e9v\u00e9nements de novembre 2013"}]},{"@type":"WebSite","@id":"https:\/\/www.tempetedelouest.fr\/blog\/#website","url":"https:\/\/www.tempetedelouest.fr\/blog\/","name":"Le blog de Temp\u00eate de l'Ouest !","description":"Un raz de mar\u00e9e d&#039;infos sur la gastronomie bretonne","potentialAction":[{"@type":"SearchAction","target":{"@type":"EntryPoint","urlTemplate":"https:\/\/www.tempetedelouest.fr\/blog\/?s={search_term_string}"},"query-input":{"@type":"PropertyValueSpecification","valueRequired":true,"valueName":"search_term_string"}}],"inLanguage":"fr-FR"},{"@type":"Person","@id":"https:\/\/www.tempetedelouest.fr\/blog\/#\/schema\/person\/503e256587cb6a291c432298d10c8b4d","name":"Temp\u00eate de l'Ouest","image":{"@type":"ImageObject","inLanguage":"fr-FR","@id":"https:\/\/www.tempetedelouest.fr\/blog\/#\/schema\/person\/image\/","url":"https:\/\/secure.gravatar.com\/avatar\/78a8fb5799099ec83ef58895aa2111b9001a891ad5105c35ac6b9ca811f91996?s=96&d=mm&r=g","contentUrl":"https:\/\/secure.gravatar.com\/avatar\/78a8fb5799099ec83ef58895aa2111b9001a891ad5105c35ac6b9ca811f91996?s=96&d=mm&r=g","caption":"Temp\u00eate de l'Ouest"},"sameAs":["https:\/\/www.facebook.com\/TempetedeLouest\/","http:\/\/www.pinterest.com\/tempetedelouest\/","https:\/\/x.com\/TempetedeLouest"]}]}},"_links":{"self":[{"href":"https:\/\/www.tempetedelouest.fr\/blog\/wp-json\/wp\/v2\/posts\/157","targetHints":{"allow":["GET"]}}],"collection":[{"href":"https:\/\/www.tempetedelouest.fr\/blog\/wp-json\/wp\/v2\/posts"}],"about":[{"href":"https:\/\/www.tempetedelouest.fr\/blog\/wp-json\/wp\/v2\/types\/post"}],"author":[{"embeddable":true,"href":"https:\/\/www.tempetedelouest.fr\/blog\/wp-json\/wp\/v2\/users\/1"}],"replies":[{"embeddable":true,"href":"https:\/\/www.tempetedelouest.fr\/blog\/wp-json\/wp\/v2\/comments?post=157"}],"version-history":[{"count":0,"href":"https:\/\/www.tempetedelouest.fr\/blog\/wp-json\/wp\/v2\/posts\/157\/revisions"}],"wp:featuredmedia":[{"embeddable":true,"href":"https:\/\/www.tempetedelouest.fr\/blog\/wp-json\/wp\/v2\/media\/127"}],"wp:attachment":[{"href":"https:\/\/www.tempetedelouest.fr\/blog\/wp-json\/wp\/v2\/media?parent=157"}],"wp:term":[{"taxonomy":"category","embeddable":true,"href":"https:\/\/www.tempetedelouest.fr\/blog\/wp-json\/wp\/v2\/categories?post=157"},{"taxonomy":"post_tag","embeddable":true,"href":"https:\/\/www.tempetedelouest.fr\/blog\/wp-json\/wp\/v2\/tags?post=157"}],"curies":[{"name":"wp","href":"https:\/\/api.w.org\/{rel}","templated":true}]}}