{"id":1487,"date":"2015-04-06T10:20:28","date_gmt":"2015-04-06T09:20:28","guid":{"rendered":"https:\/\/www.tempetedelouest.fr\/blog\/?p=1487"},"modified":"2015-04-06T10:34:40","modified_gmt":"2015-04-06T09:34:40","slug":"emission-boite-conserve-france-5","status":"publish","type":"post","link":"https:\/\/www.tempetedelouest.fr\/blog\/emission-boite-conserve-france-5\/","title":{"rendered":"A revoir : L&rsquo;\u00e9mission \u00ab\u00a0La bo\u00eete de conserve \u00e0 toutes les sauces\u00a0\u00bb"},"content":{"rendered":"<p style=\"text-align: center;\">Notez cet article: <span id=\"post-ratings-1487\" class=\"post-ratings\" data-nonce=\"4a144ab01e\"><span class=\"review hreview-aggregate\"><span class=\"rating\"><img decoding=\"async\" id=\"rating_1487_1\" src=\"https:\/\/www.tempetedelouest.fr\/blog\/wp-content\/plugins\/wp-postratings\/images\/stars_crystal\/rating_on.gif\" alt=\"1 \u00e9toile\" title=\"1 \u00e9toile\" onmouseover=\"current_rating(1487, 1, '1 \u00e9toile');\" onmouseout=\"ratings_off(3.7, 4, 0);\" onclick=\"rate_post();\" onkeypress=\"rate_post();\" style=\"cursor: pointer; border: 0px;\" \/><img decoding=\"async\" id=\"rating_1487_2\" src=\"https:\/\/www.tempetedelouest.fr\/blog\/wp-content\/plugins\/wp-postratings\/images\/stars_crystal\/rating_on.gif\" alt=\"2 \u00e9toiles\" title=\"2 \u00e9toiles\" onmouseover=\"current_rating(1487, 2, '2 \u00e9toiles');\" onmouseout=\"ratings_off(3.7, 4, 0);\" onclick=\"rate_post();\" onkeypress=\"rate_post();\" style=\"cursor: pointer; border: 0px;\" \/><img decoding=\"async\" id=\"rating_1487_3\" src=\"https:\/\/www.tempetedelouest.fr\/blog\/wp-content\/plugins\/wp-postratings\/images\/stars_crystal\/rating_on.gif\" alt=\"3 \u00e9toiles\" title=\"3 \u00e9toiles\" onmouseover=\"current_rating(1487, 3, '3 \u00e9toiles');\" onmouseout=\"ratings_off(3.7, 4, 0);\" onclick=\"rate_post();\" onkeypress=\"rate_post();\" style=\"cursor: pointer; border: 0px;\" \/><img decoding=\"async\" id=\"rating_1487_4\" src=\"https:\/\/www.tempetedelouest.fr\/blog\/wp-content\/plugins\/wp-postratings\/images\/stars_crystal\/rating_half.gif\" alt=\"4 \u00e9toiles\" title=\"4 \u00e9toiles\" onmouseover=\"current_rating(1487, 4, '4 \u00e9toiles');\" onmouseout=\"ratings_off(3.7, 4, 0);\" onclick=\"rate_post();\" onkeypress=\"rate_post();\" style=\"cursor: pointer; border: 0px;\" \/><img decoding=\"async\" id=\"rating_1487_5\" src=\"https:\/\/www.tempetedelouest.fr\/blog\/wp-content\/plugins\/wp-postratings\/images\/stars_crystal\/rating_off.gif\" alt=\"5 \u00e9toiles\" title=\"5 \u00e9toiles\" onmouseover=\"current_rating(1487, 5, '5 \u00e9toiles');\" onmouseout=\"ratings_off(3.7, 4, 0);\" onclick=\"rate_post();\" onkeypress=\"rate_post();\" style=\"cursor: pointer; border: 0px;\" \/> <span class=\"count\">3<\/span>  votes | moyenne: <span class=\"average\">3,67<\/span>  sur 5 <span class=\"post-ratings-text\" id=\"ratings_1487_text\"><\/span>\r\n<\/span><\/span><\/span><span id=\"post-ratings-1487-loading\" class=\"post-ratings-loading\"><img loading=\"lazy\" decoding=\"async\" src=\"https:\/\/www.tempetedelouest.fr\/blog\/wp-content\/plugins\/wp-postratings\/images\/loading.gif\" width=\"16\" height=\"16\" class=\"post-ratings-image\" \/>Loading...<\/span>\n<p>&nbsp;<br \/>\n<figure id=\"attachment_1488\" aria-describedby=\"caption-attachment-1488\" style=\"width: 634px\" class=\"wp-caption aligncenter\"><a href=\"http:\/\/www.france5.fr\/emission\/la-boite-de-conserve-toutes-les-sauces\/diffusion-du-05-04-2015-20h40\"><img loading=\"lazy\" decoding=\"async\" class=\"wp-image-1488 size-full\" src=\"https:\/\/www.tempetedelouest.fr\/blog\/wp-content\/uploads\/2015\/04\/conserve-reportage-france5.jpg\" alt=\"conserve-reportage-france5\" width=\"634\" height=\"396\" srcset=\"https:\/\/www.tempetedelouest.fr\/blog\/wp-content\/uploads\/2015\/04\/conserve-reportage-france5.jpg 634w, https:\/\/www.tempetedelouest.fr\/blog\/wp-content\/uploads\/2015\/04\/conserve-reportage-france5-300x187.jpg 300w, https:\/\/www.tempetedelouest.fr\/blog\/wp-content\/uploads\/2015\/04\/conserve-reportage-france5-80x50.jpg 80w\" sizes=\"auto, (max-width: 634px) 100vw, 634px\" \/><\/a><figcaption id=\"caption-attachment-1488\" class=\"wp-caption-text\">Cliquez sur l&rsquo;image pour voir le replay de l&rsquo;\u00e9mission <strong>(Attention : le lien sera valide jusqu&rsquo;au 11\/04\/15)<\/strong><\/figcaption><\/figure>\n<p>&nbsp;<\/p>\n<p style=\"text-align: justify;\">Hier soir, le 5 avril 2015,<strong> France 5<\/strong> diffusait un reportage tr\u00e8s int\u00e9ressant sur la bo\u00eete de conserve tant appr\u00e9ci\u00e9e par les Fran\u00e7ais pour son c\u00f4t\u00e9 rapide et pratique : du contenant au contenu, d\u00e9couvrez l&rsquo;envers du d\u00e9cor de la conserve !<\/p>\n<p style=\"text-align: justify;\">L\u00e9gumes, plats pr\u00e9par\u00e9s ou encore <strong>sardines ultra-fra\u00eeches<\/strong>, nous avons forc\u00e9ment, en tant qu&rsquo;\u00e9picerie bretonne, \u00e9t\u00e9 interloqu\u00e9s par ce dernier produit et notamment le passage sur la pr\u00e9sentation de <strong>la conserverie bretonne La Belle-Iloise<\/strong> avec laquelle nous travaillons !<\/p>\n<p style=\"text-align: justify;\">Pour r\u00e9sumer, la Belle-Iloise travaille en collaboration <strong>avec des p\u00eacheurs bretons<\/strong> <em>(qui respectent toutes les conditions de p\u00eache durable)<\/em> et conditionne ses bo\u00eetes de sardines enti\u00e8rement <strong>\u00e0 la main<\/strong> ! Chaque sardine fra\u00eechement p\u00each\u00e9e <em>(et non congel\u00e9e et donc moins digeste)<\/em> est nettoy\u00e9e, travaill\u00e9e puis mise en bo\u00eete par les ouvriers de La Belle-Iloise en personne et chaque assaisonnement est scrupuleusement choisi et \u00e9labor\u00e9 \u00e0 partir de mati\u00e8res premi\u00e8res de qualit\u00e9 (tomates, citron, huile d&rsquo;olive, d&rsquo;arachide ou encore de tournesol).<\/p>\n<p style=\"text-align: justify;\">Et tel un bon vin, les sardines de La Belle-Iloise b\u00e9n\u00e9ficient d&rsquo;un <strong>mill\u00e9sime<\/strong> : apr\u00e8s avoir \u00e9t\u00e9 mises en bo\u00eete, elles sont pr\u00e9cieusement conserv\u00e9es pendant 2 ans, le temps id\u00e9al pour que les sardines est le temps de se confire dans l&rsquo;huile et de lib\u00e9rer tous leurs ar\u00f4mes !<\/p>\n<p style=\"text-align: justify;\">Ce petit poisson aux reflets d&rsquo;argent, star de la conserverie, est en plus\u00a0riche en om\u00e9ga 3, phosphore et vitamine B : alors en plus d&rsquo;\u00eatre d\u00e9licieusement cuisin\u00e9es par la conserverie, la sardine a aussi<strong> un petit plus\u00a0sant\u00e9<\/strong> !<\/p>\n<p>&nbsp;<br \/>\n&nbsp;<br \/>\n<center><strong><a style=\"color: #f39f12; font-size: 18px;\" href=\"https:\/\/www.tempetedelouest.fr\/02\/belleiloise\/\"><span style=\"font-family: arial;\">\u25ba<\/span> D\u00e9couvrez toutes les conserves de La Belle-Iloise<\/a><\/strong><\/center><br \/>\n&nbsp;<br \/>\n&nbsp;<\/p>\n<table class=\"mamgoudig\" style=\"width: 100%; border: 1px solid #E7E7E7; text-align: center;\">\n<tbody>\n<tr style=\"border: 1px solid #E7E7E7;\">\n<td style=\"width: 33%;\"><a href=\"https:\/\/www.tempetedelouest.fr\/produit\/sardines-huile-olive-vierge-extra-saint-georges-115g\/\"><img loading=\"lazy\" decoding=\"async\" class=\"aligncenter wp-image-1492\" src=\"https:\/\/www.tempetedelouest.fr\/blog\/wp-content\/uploads\/2015\/04\/sardines-huile-olive-belle-iloise.jpg\" alt=\"sardines-huile-olive-belle-iloise\" width=\"200\" height=\"150\" srcset=\"https:\/\/www.tempetedelouest.fr\/blog\/wp-content\/uploads\/2015\/04\/sardines-huile-olive-belle-iloise.jpg 665w, https:\/\/www.tempetedelouest.fr\/blog\/wp-content\/uploads\/2015\/04\/sardines-huile-olive-belle-iloise-300x225.jpg 300w\" sizes=\"auto, (max-width: 200px) 100vw, 200px\" \/><\/a><br \/>\nSardines Mill\u00e9sim\u00e9es \u00e0 l&rsquo;huile d&rsquo;olive extra Saint-Georges<a class=\"voir-produit\" href=\"https:\/\/www.tempetedelouest.fr\/produit\/sardines-huile-olive-vierge-extra-saint-georges-115g\/\" target=\"_blank\">Voir le produit<\/a><\/td>\n<td style=\"width: 33%;\"><a href=\"https:\/\/www.tempetedelouest.fr\/produit\/sardines-huile-tournesol-tomate-115g\/\"><img loading=\"lazy\" decoding=\"async\" class=\"aligncenter wp-image-1493\" src=\"https:\/\/www.tempetedelouest.fr\/blog\/wp-content\/uploads\/2015\/04\/sardines-tomate-belle-iloise.jpg\" alt=\"sardines-tomate-belle-iloise\" width=\"200\" height=\"150\" srcset=\"https:\/\/www.tempetedelouest.fr\/blog\/wp-content\/uploads\/2015\/04\/sardines-tomate-belle-iloise.jpg 665w, https:\/\/www.tempetedelouest.fr\/blog\/wp-content\/uploads\/2015\/04\/sardines-tomate-belle-iloise-300x225.jpg 300w\" sizes=\"auto, (max-width: 200px) 100vw, 200px\" \/><\/a><br \/>\nSardines Mill\u00e9sim\u00e9es \u00e0 l&rsquo;huile de tournesol et tomate<a class=\"voir-produit\" href=\"https:\/\/www.tempetedelouest.fr\/produit\/sardines-huile-tournesol-tomate-115g\/\" target=\"_blank\">Voir le produit<\/a><\/td>\n<td style=\"width: 33%;\"><a href=\"https:\/\/www.tempetedelouest.fr\/produit\/sardines-huile-arachide-citron-115g\/\"><img loading=\"lazy\" decoding=\"async\" class=\"aligncenter wp-image-1491\" src=\"https:\/\/www.tempetedelouest.fr\/blog\/wp-content\/uploads\/2015\/04\/sardines-citron-belle-iloise.jpg\" alt=\"sardines-citron-belle-iloise\" width=\"200\" height=\"150\" srcset=\"https:\/\/www.tempetedelouest.fr\/blog\/wp-content\/uploads\/2015\/04\/sardines-citron-belle-iloise.jpg 665w, https:\/\/www.tempetedelouest.fr\/blog\/wp-content\/uploads\/2015\/04\/sardines-citron-belle-iloise-300x225.jpg 300w\" sizes=\"auto, (max-width: 200px) 100vw, 200px\" \/><\/a><br \/>\nSardines Mill\u00e9sim\u00e9es \u00e0 l&rsquo;huile d\u2019arachide et citron <a class=\"voir-produit\" href=\"https:\/\/www.tempetedelouest.fr\/produit\/sardines-huile-arachide-citron-115g\/\" target=\"_blank\">Voir le produit<\/a><\/td>\n<\/tr>\n<tr>\n<td><a href=\"https:\/\/www.tempetedelouest.fr\/produit\/sardines-chaudes-nantaise-115g\/\"><img loading=\"lazy\" decoding=\"async\" class=\"aligncenter wp-image-1490\" src=\"https:\/\/www.tempetedelouest.fr\/blog\/wp-content\/uploads\/2015\/04\/sardines-chaudes-nantaises-belle-iloise.jpg\" alt=\"sardines-chaudes-nantaises-belle-iloise\" width=\"200\" height=\"150\" srcset=\"https:\/\/www.tempetedelouest.fr\/blog\/wp-content\/uploads\/2015\/04\/sardines-chaudes-nantaises-belle-iloise.jpg 665w, https:\/\/www.tempetedelouest.fr\/blog\/wp-content\/uploads\/2015\/04\/sardines-chaudes-nantaises-belle-iloise-300x225.jpg 300w\" sizes=\"auto, (max-width: 200px) 100vw, 200px\" \/><\/a><br \/>\nSardines Mill\u00e9sim\u00e9es \u00e0 d\u00e9guster chaud \u00e0 la Nantaise<a class=\"voir-produit\" href=\"https:\/\/www.tempetedelouest.fr\/produit\/sardines-chaudes-nantaise-115g\/\" target=\"_blank\">Voir le produit<\/a><\/td>\n<td><a href=\"https:\/\/www.tempetedelouest.fr\/produit\/sardines-chaudes-beurre-baratte-115g\/\"><img loading=\"lazy\" decoding=\"async\" class=\"aligncenter wp-image-1489\" src=\"https:\/\/www.tempetedelouest.fr\/blog\/wp-content\/uploads\/2015\/04\/sardines-chaudes-beurre-baratte-belle-iloise.jpg\" alt=\"sardines-chaudes-beurre-baratte-belle-iloise\" width=\"200\" height=\"150\" srcset=\"https:\/\/www.tempetedelouest.fr\/blog\/wp-content\/uploads\/2015\/04\/sardines-chaudes-beurre-baratte-belle-iloise.jpg 665w, https:\/\/www.tempetedelouest.fr\/blog\/wp-content\/uploads\/2015\/04\/sardines-chaudes-beurre-baratte-belle-iloise-300x225.jpg 300w\" sizes=\"auto, (max-width: 200px) 100vw, 200px\" \/><\/a><br \/>\nSardines Mill\u00e9sim\u00e9es \u00e0 d\u00e9guster chaud au beurre de baratte<a class=\"voir-produit\" href=\"https:\/\/www.tempetedelouest.fr\/produit\/sardines-chaudes-beurre-baratte-115g\/\" target=\"_blank\">Voir le produit<\/a><\/td>\n<td><\/td>\n<\/tr>\n<\/tbody>\n<\/table>\n","protected":false},"excerpt":{"rendered":"<p>Notez cet article: &nbsp; &nbsp; Hier soir, le 5 avril 2015, France 5 diffusait un reportage tr\u00e8s int\u00e9ressant sur la bo\u00eete de conserve tant appr\u00e9ci\u00e9e par les Fran\u00e7ais pour son c\u00f4t\u00e9 rapide et pratique : du contenant au contenu, d\u00e9couvrez l&rsquo;envers du d\u00e9cor de la conserve ! L\u00e9gumes, plats pr\u00e9par\u00e9s ou encore sardines ultra-fra\u00eeches, nous [&#8230;]\n","protected":false},"author":1,"featured_media":1488,"comment_status":"open","ping_status":"open","sticky":false,"template":"","format":"standard","meta":{"footnotes":""},"categories":[1],"tags":[],"class_list":["post-1487","post","type-post","status-publish","format-standard","has-post-thumbnail","hentry","category-actualites"],"yoast_head":"<!-- This site is optimized with the Yoast SEO plugin v27.1.1 - https:\/\/yoast.com\/product\/yoast-seo-wordpress\/ -->\n<title>Reportage France 5 : La boite de conserve \u00e0 toutes les sauces<\/title>\n<meta name=\"description\" content=\"Comme souvent, France 5 propose le dimanche de tr\u00e8s bons documentaires. cette fois ci, nous revenons sur l&#039;\u00e9mission &quot;la boite de conserves \u00e0 toutes les sauces&quot;.\" \/>\n<meta name=\"robots\" content=\"index, follow, max-snippet:-1, max-image-preview:large, max-video-preview:-1\" \/>\n<link rel=\"canonical\" href=\"https:\/\/www.tempetedelouest.fr\/blog\/emission-boite-conserve-france-5\/\" \/>\n<meta property=\"og:locale\" content=\"fr_FR\" \/>\n<meta property=\"og:type\" content=\"article\" \/>\n<meta property=\"og:title\" content=\"Reportage France 5 : La boite de conserve \u00e0 toutes les sauces\" \/>\n<meta property=\"og:description\" content=\"Comme souvent, France 5 propose le dimanche de tr\u00e8s bons documentaires. cette fois ci, nous revenons sur l&#039;\u00e9mission &quot;la boite de conserves \u00e0 toutes les sauces&quot;.\" \/>\n<meta property=\"og:url\" content=\"https:\/\/www.tempetedelouest.fr\/blog\/emission-boite-conserve-france-5\/\" \/>\n<meta property=\"og:site_name\" content=\"Le blog de Temp\u00eate de l&#039;Ouest !\" \/>\n<meta property=\"article:publisher\" content=\"https:\/\/www.facebook.com\/TempetedeLouest\" \/>\n<meta property=\"article:author\" content=\"https:\/\/www.facebook.com\/TempetedeLouest\/\" \/>\n<meta property=\"article:published_time\" content=\"2015-04-06T09:20:28+00:00\" \/>\n<meta property=\"article:modified_time\" content=\"2015-04-06T09:34:40+00:00\" \/>\n<meta property=\"og:image\" content=\"https:\/\/www.tempetedelouest.fr\/blog\/wp-content\/uploads\/2015\/04\/conserve-reportage-france5.jpg\" \/>\n\t<meta property=\"og:image:width\" content=\"634\" \/>\n\t<meta property=\"og:image:height\" content=\"396\" \/>\n\t<meta property=\"og:image:type\" content=\"image\/jpeg\" \/>\n<meta name=\"author\" content=\"Temp\u00eate de l&#039;Ouest\" \/>\n<meta name=\"twitter:card\" content=\"summary_large_image\" \/>\n<meta name=\"twitter:creator\" content=\"@TempetedeLouest\" \/>\n<meta name=\"twitter:site\" content=\"@tempetedelouest\" \/>\n<meta name=\"twitter:label1\" content=\"\u00c9crit par\" \/>\n\t<meta name=\"twitter:data1\" content=\"Temp\u00eate de l&#039;Ouest\" \/>\n\t<meta name=\"twitter:label2\" content=\"Dur\u00e9e de lecture estim\u00e9e\" \/>\n\t<meta name=\"twitter:data2\" content=\"2 minutes\" \/>\n<script type=\"application\/ld+json\" class=\"yoast-schema-graph\">{\"@context\":\"https:\/\/schema.org\",\"@graph\":[{\"@type\":\"Article\",\"@id\":\"https:\/\/www.tempetedelouest.fr\/blog\/emission-boite-conserve-france-5\/#article\",\"isPartOf\":{\"@id\":\"https:\/\/www.tempetedelouest.fr\/blog\/emission-boite-conserve-france-5\/\"},\"author\":{\"name\":\"Temp\u00eate de l'Ouest\",\"@id\":\"https:\/\/www.tempetedelouest.fr\/blog\/#\/schema\/person\/503e256587cb6a291c432298d10c8b4d\"},\"headline\":\"A revoir : L&rsquo;\u00e9mission \u00ab\u00a0La bo\u00eete de conserve \u00e0 toutes les sauces\u00a0\u00bb\",\"datePublished\":\"2015-04-06T09:20:28+00:00\",\"dateModified\":\"2015-04-06T09:34:40+00:00\",\"mainEntityOfPage\":{\"@id\":\"https:\/\/www.tempetedelouest.fr\/blog\/emission-boite-conserve-france-5\/\"},\"wordCount\":401,\"commentCount\":0,\"image\":{\"@id\":\"https:\/\/www.tempetedelouest.fr\/blog\/emission-boite-conserve-france-5\/#primaryimage\"},\"thumbnailUrl\":\"https:\/\/www.tempetedelouest.fr\/blog\/wp-content\/uploads\/2015\/04\/conserve-reportage-france5.jpg\",\"articleSection\":[\"Actus\"],\"inLanguage\":\"fr-FR\",\"potentialAction\":[{\"@type\":\"CommentAction\",\"name\":\"Comment\",\"target\":[\"https:\/\/www.tempetedelouest.fr\/blog\/emission-boite-conserve-france-5\/#respond\"]}]},{\"@type\":\"WebPage\",\"@id\":\"https:\/\/www.tempetedelouest.fr\/blog\/emission-boite-conserve-france-5\/\",\"url\":\"https:\/\/www.tempetedelouest.fr\/blog\/emission-boite-conserve-france-5\/\",\"name\":\"Reportage France 5 : La boite de conserve \u00e0 toutes les sauces\",\"isPartOf\":{\"@id\":\"https:\/\/www.tempetedelouest.fr\/blog\/#website\"},\"primaryImageOfPage\":{\"@id\":\"https:\/\/www.tempetedelouest.fr\/blog\/emission-boite-conserve-france-5\/#primaryimage\"},\"image\":{\"@id\":\"https:\/\/www.tempetedelouest.fr\/blog\/emission-boite-conserve-france-5\/#primaryimage\"},\"thumbnailUrl\":\"https:\/\/www.tempetedelouest.fr\/blog\/wp-content\/uploads\/2015\/04\/conserve-reportage-france5.jpg\",\"datePublished\":\"2015-04-06T09:20:28+00:00\",\"dateModified\":\"2015-04-06T09:34:40+00:00\",\"author\":{\"@id\":\"https:\/\/www.tempetedelouest.fr\/blog\/#\/schema\/person\/503e256587cb6a291c432298d10c8b4d\"},\"description\":\"Comme souvent, France 5 propose le dimanche de tr\u00e8s bons documentaires. cette fois ci, nous revenons sur l'\u00e9mission \\\"la boite de conserves \u00e0 toutes les sauces\\\".\",\"breadcrumb\":{\"@id\":\"https:\/\/www.tempetedelouest.fr\/blog\/emission-boite-conserve-france-5\/#breadcrumb\"},\"inLanguage\":\"fr-FR\",\"potentialAction\":[{\"@type\":\"ReadAction\",\"target\":[\"https:\/\/www.tempetedelouest.fr\/blog\/emission-boite-conserve-france-5\/\"]}]},{\"@type\":\"ImageObject\",\"inLanguage\":\"fr-FR\",\"@id\":\"https:\/\/www.tempetedelouest.fr\/blog\/emission-boite-conserve-france-5\/#primaryimage\",\"url\":\"https:\/\/www.tempetedelouest.fr\/blog\/wp-content\/uploads\/2015\/04\/conserve-reportage-france5.jpg\",\"contentUrl\":\"https:\/\/www.tempetedelouest.fr\/blog\/wp-content\/uploads\/2015\/04\/conserve-reportage-france5.jpg\",\"width\":634,\"height\":396},{\"@type\":\"BreadcrumbList\",\"@id\":\"https:\/\/www.tempetedelouest.fr\/blog\/emission-boite-conserve-france-5\/#breadcrumb\",\"itemListElement\":[{\"@type\":\"ListItem\",\"position\":1,\"name\":\"Accueil\",\"item\":\"https:\/\/www.tempetedelouest.fr\/blog\/\"},{\"@type\":\"ListItem\",\"position\":2,\"name\":\"Actus\",\"item\":\"https:\/\/www.tempetedelouest.fr\/blog\/actualites\/\"},{\"@type\":\"ListItem\",\"position\":3,\"name\":\"A revoir : L&rsquo;\u00e9mission \u00ab\u00a0La bo\u00eete de conserve \u00e0 toutes les sauces\u00a0\u00bb\"}]},{\"@type\":\"WebSite\",\"@id\":\"https:\/\/www.tempetedelouest.fr\/blog\/#website\",\"url\":\"https:\/\/www.tempetedelouest.fr\/blog\/\",\"name\":\"Le blog de Temp\u00eate de l'Ouest !\",\"description\":\"Un raz de mar\u00e9e d&#039;infos sur la gastronomie bretonne\",\"potentialAction\":[{\"@type\":\"SearchAction\",\"target\":{\"@type\":\"EntryPoint\",\"urlTemplate\":\"https:\/\/www.tempetedelouest.fr\/blog\/?s={search_term_string}\"},\"query-input\":{\"@type\":\"PropertyValueSpecification\",\"valueRequired\":true,\"valueName\":\"search_term_string\"}}],\"inLanguage\":\"fr-FR\"},{\"@type\":\"Person\",\"@id\":\"https:\/\/www.tempetedelouest.fr\/blog\/#\/schema\/person\/503e256587cb6a291c432298d10c8b4d\",\"name\":\"Temp\u00eate de l'Ouest\",\"image\":{\"@type\":\"ImageObject\",\"inLanguage\":\"fr-FR\",\"@id\":\"https:\/\/www.tempetedelouest.fr\/blog\/#\/schema\/person\/image\/\",\"url\":\"https:\/\/secure.gravatar.com\/avatar\/78a8fb5799099ec83ef58895aa2111b9001a891ad5105c35ac6b9ca811f91996?s=96&d=mm&r=g\",\"contentUrl\":\"https:\/\/secure.gravatar.com\/avatar\/78a8fb5799099ec83ef58895aa2111b9001a891ad5105c35ac6b9ca811f91996?s=96&d=mm&r=g\",\"caption\":\"Temp\u00eate de l'Ouest\"},\"sameAs\":[\"https:\/\/www.facebook.com\/TempetedeLouest\/\",\"http:\/\/www.pinterest.com\/tempetedelouest\/\",\"https:\/\/x.com\/TempetedeLouest\"]}]}<\/script>\n<!-- \/ Yoast SEO plugin. -->","yoast_head_json":{"title":"Reportage France 5 : La boite de conserve \u00e0 toutes les sauces","description":"Comme souvent, France 5 propose le dimanche de tr\u00e8s bons documentaires. cette fois ci, nous revenons sur l'\u00e9mission \"la boite de conserves \u00e0 toutes les sauces\".","robots":{"index":"index","follow":"follow","max-snippet":"max-snippet:-1","max-image-preview":"max-image-preview:large","max-video-preview":"max-video-preview:-1"},"canonical":"https:\/\/www.tempetedelouest.fr\/blog\/emission-boite-conserve-france-5\/","og_locale":"fr_FR","og_type":"article","og_title":"Reportage France 5 : La boite de conserve \u00e0 toutes les sauces","og_description":"Comme souvent, France 5 propose le dimanche de tr\u00e8s bons documentaires. cette fois ci, nous revenons sur l'\u00e9mission \"la boite de conserves \u00e0 toutes les sauces\".","og_url":"https:\/\/www.tempetedelouest.fr\/blog\/emission-boite-conserve-france-5\/","og_site_name":"Le blog de Temp\u00eate de l&#039;Ouest !","article_publisher":"https:\/\/www.facebook.com\/TempetedeLouest","article_author":"https:\/\/www.facebook.com\/TempetedeLouest\/","article_published_time":"2015-04-06T09:20:28+00:00","article_modified_time":"2015-04-06T09:34:40+00:00","og_image":[{"width":634,"height":396,"url":"https:\/\/www.tempetedelouest.fr\/blog\/wp-content\/uploads\/2015\/04\/conserve-reportage-france5.jpg","type":"image\/jpeg"}],"author":"Temp\u00eate de l'Ouest","twitter_card":"summary_large_image","twitter_creator":"@TempetedeLouest","twitter_site":"@tempetedelouest","twitter_misc":{"\u00c9crit par":"Temp\u00eate de l'Ouest","Dur\u00e9e de lecture estim\u00e9e":"2 minutes"},"schema":{"@context":"https:\/\/schema.org","@graph":[{"@type":"Article","@id":"https:\/\/www.tempetedelouest.fr\/blog\/emission-boite-conserve-france-5\/#article","isPartOf":{"@id":"https:\/\/www.tempetedelouest.fr\/blog\/emission-boite-conserve-france-5\/"},"author":{"name":"Temp\u00eate de l'Ouest","@id":"https:\/\/www.tempetedelouest.fr\/blog\/#\/schema\/person\/503e256587cb6a291c432298d10c8b4d"},"headline":"A revoir : L&rsquo;\u00e9mission \u00ab\u00a0La bo\u00eete de conserve \u00e0 toutes les sauces\u00a0\u00bb","datePublished":"2015-04-06T09:20:28+00:00","dateModified":"2015-04-06T09:34:40+00:00","mainEntityOfPage":{"@id":"https:\/\/www.tempetedelouest.fr\/blog\/emission-boite-conserve-france-5\/"},"wordCount":401,"commentCount":0,"image":{"@id":"https:\/\/www.tempetedelouest.fr\/blog\/emission-boite-conserve-france-5\/#primaryimage"},"thumbnailUrl":"https:\/\/www.tempetedelouest.fr\/blog\/wp-content\/uploads\/2015\/04\/conserve-reportage-france5.jpg","articleSection":["Actus"],"inLanguage":"fr-FR","potentialAction":[{"@type":"CommentAction","name":"Comment","target":["https:\/\/www.tempetedelouest.fr\/blog\/emission-boite-conserve-france-5\/#respond"]}]},{"@type":"WebPage","@id":"https:\/\/www.tempetedelouest.fr\/blog\/emission-boite-conserve-france-5\/","url":"https:\/\/www.tempetedelouest.fr\/blog\/emission-boite-conserve-france-5\/","name":"Reportage France 5 : La boite de conserve \u00e0 toutes les sauces","isPartOf":{"@id":"https:\/\/www.tempetedelouest.fr\/blog\/#website"},"primaryImageOfPage":{"@id":"https:\/\/www.tempetedelouest.fr\/blog\/emission-boite-conserve-france-5\/#primaryimage"},"image":{"@id":"https:\/\/www.tempetedelouest.fr\/blog\/emission-boite-conserve-france-5\/#primaryimage"},"thumbnailUrl":"https:\/\/www.tempetedelouest.fr\/blog\/wp-content\/uploads\/2015\/04\/conserve-reportage-france5.jpg","datePublished":"2015-04-06T09:20:28+00:00","dateModified":"2015-04-06T09:34:40+00:00","author":{"@id":"https:\/\/www.tempetedelouest.fr\/blog\/#\/schema\/person\/503e256587cb6a291c432298d10c8b4d"},"description":"Comme souvent, France 5 propose le dimanche de tr\u00e8s bons documentaires. cette fois ci, nous revenons sur l'\u00e9mission \"la boite de conserves \u00e0 toutes les sauces\".","breadcrumb":{"@id":"https:\/\/www.tempetedelouest.fr\/blog\/emission-boite-conserve-france-5\/#breadcrumb"},"inLanguage":"fr-FR","potentialAction":[{"@type":"ReadAction","target":["https:\/\/www.tempetedelouest.fr\/blog\/emission-boite-conserve-france-5\/"]}]},{"@type":"ImageObject","inLanguage":"fr-FR","@id":"https:\/\/www.tempetedelouest.fr\/blog\/emission-boite-conserve-france-5\/#primaryimage","url":"https:\/\/www.tempetedelouest.fr\/blog\/wp-content\/uploads\/2015\/04\/conserve-reportage-france5.jpg","contentUrl":"https:\/\/www.tempetedelouest.fr\/blog\/wp-content\/uploads\/2015\/04\/conserve-reportage-france5.jpg","width":634,"height":396},{"@type":"BreadcrumbList","@id":"https:\/\/www.tempetedelouest.fr\/blog\/emission-boite-conserve-france-5\/#breadcrumb","itemListElement":[{"@type":"ListItem","position":1,"name":"Accueil","item":"https:\/\/www.tempetedelouest.fr\/blog\/"},{"@type":"ListItem","position":2,"name":"Actus","item":"https:\/\/www.tempetedelouest.fr\/blog\/actualites\/"},{"@type":"ListItem","position":3,"name":"A revoir : L&rsquo;\u00e9mission \u00ab\u00a0La bo\u00eete de conserve \u00e0 toutes les sauces\u00a0\u00bb"}]},{"@type":"WebSite","@id":"https:\/\/www.tempetedelouest.fr\/blog\/#website","url":"https:\/\/www.tempetedelouest.fr\/blog\/","name":"Le blog de Temp\u00eate de l'Ouest !","description":"Un raz de mar\u00e9e d&#039;infos sur la gastronomie bretonne","potentialAction":[{"@type":"SearchAction","target":{"@type":"EntryPoint","urlTemplate":"https:\/\/www.tempetedelouest.fr\/blog\/?s={search_term_string}"},"query-input":{"@type":"PropertyValueSpecification","valueRequired":true,"valueName":"search_term_string"}}],"inLanguage":"fr-FR"},{"@type":"Person","@id":"https:\/\/www.tempetedelouest.fr\/blog\/#\/schema\/person\/503e256587cb6a291c432298d10c8b4d","name":"Temp\u00eate de l'Ouest","image":{"@type":"ImageObject","inLanguage":"fr-FR","@id":"https:\/\/www.tempetedelouest.fr\/blog\/#\/schema\/person\/image\/","url":"https:\/\/secure.gravatar.com\/avatar\/78a8fb5799099ec83ef58895aa2111b9001a891ad5105c35ac6b9ca811f91996?s=96&d=mm&r=g","contentUrl":"https:\/\/secure.gravatar.com\/avatar\/78a8fb5799099ec83ef58895aa2111b9001a891ad5105c35ac6b9ca811f91996?s=96&d=mm&r=g","caption":"Temp\u00eate de l'Ouest"},"sameAs":["https:\/\/www.facebook.com\/TempetedeLouest\/","http:\/\/www.pinterest.com\/tempetedelouest\/","https:\/\/x.com\/TempetedeLouest"]}]}},"_links":{"self":[{"href":"https:\/\/www.tempetedelouest.fr\/blog\/wp-json\/wp\/v2\/posts\/1487","targetHints":{"allow":["GET"]}}],"collection":[{"href":"https:\/\/www.tempetedelouest.fr\/blog\/wp-json\/wp\/v2\/posts"}],"about":[{"href":"https:\/\/www.tempetedelouest.fr\/blog\/wp-json\/wp\/v2\/types\/post"}],"author":[{"embeddable":true,"href":"https:\/\/www.tempetedelouest.fr\/blog\/wp-json\/wp\/v2\/users\/1"}],"replies":[{"embeddable":true,"href":"https:\/\/www.tempetedelouest.fr\/blog\/wp-json\/wp\/v2\/comments?post=1487"}],"version-history":[{"count":0,"href":"https:\/\/www.tempetedelouest.fr\/blog\/wp-json\/wp\/v2\/posts\/1487\/revisions"}],"wp:featuredmedia":[{"embeddable":true,"href":"https:\/\/www.tempetedelouest.fr\/blog\/wp-json\/wp\/v2\/media\/1488"}],"wp:attachment":[{"href":"https:\/\/www.tempetedelouest.fr\/blog\/wp-json\/wp\/v2\/media?parent=1487"}],"wp:term":[{"taxonomy":"category","embeddable":true,"href":"https:\/\/www.tempetedelouest.fr\/blog\/wp-json\/wp\/v2\/categories?post=1487"},{"taxonomy":"post_tag","embeddable":true,"href":"https:\/\/www.tempetedelouest.fr\/blog\/wp-json\/wp\/v2\/tags?post=1487"}],"curies":[{"name":"wp","href":"https:\/\/api.w.org\/{rel}","templated":true}]}}