{"id":128,"date":"2013-10-07T10:33:21","date_gmt":"2013-10-07T09:33:21","guid":{"rendered":"http:\/\/tempetedelouest.fr\/blog\/?p=128"},"modified":"2023-03-21T20:57:26","modified_gmt":"2023-03-21T19:57:26","slug":"guiness-book-records-bretons","status":"publish","type":"post","link":"https:\/\/www.tempetedelouest.fr\/blog\/guiness-book-records-bretons\/","title":{"rendered":"Notre \u00ab\u00a0Guinness Book\u00a0\u00bb des records bretons !"},"content":{"rendered":"<p><center><strong>Notez cet article:<\/strong> <span id=\"post-ratings-128\" class=\"post-ratings\" data-nonce=\"2faf381f66\"><span class=\"review hreview-aggregate\"><span class=\"rating\"><img decoding=\"async\" id=\"rating_128_1\" src=\"https:\/\/www.tempetedelouest.fr\/blog\/wp-content\/plugins\/wp-postratings\/images\/stars_crystal\/rating_on.gif\" alt=\"1 \u00e9toile\" title=\"1 \u00e9toile\" onmouseover=\"current_rating(128, 1, '1 \u00e9toile');\" onmouseout=\"ratings_off(3.9, 4, 0);\" onclick=\"rate_post();\" onkeypress=\"rate_post();\" style=\"cursor: pointer; border: 0px;\" \/><img decoding=\"async\" id=\"rating_128_2\" src=\"https:\/\/www.tempetedelouest.fr\/blog\/wp-content\/plugins\/wp-postratings\/images\/stars_crystal\/rating_on.gif\" alt=\"2 \u00e9toiles\" title=\"2 \u00e9toiles\" onmouseover=\"current_rating(128, 2, '2 \u00e9toiles');\" onmouseout=\"ratings_off(3.9, 4, 0);\" onclick=\"rate_post();\" onkeypress=\"rate_post();\" style=\"cursor: pointer; border: 0px;\" \/><img decoding=\"async\" id=\"rating_128_3\" src=\"https:\/\/www.tempetedelouest.fr\/blog\/wp-content\/plugins\/wp-postratings\/images\/stars_crystal\/rating_on.gif\" alt=\"3 \u00e9toiles\" title=\"3 \u00e9toiles\" onmouseover=\"current_rating(128, 3, '3 \u00e9toiles');\" onmouseout=\"ratings_off(3.9, 4, 0);\" onclick=\"rate_post();\" onkeypress=\"rate_post();\" style=\"cursor: pointer; border: 0px;\" \/><img decoding=\"async\" id=\"rating_128_4\" src=\"https:\/\/www.tempetedelouest.fr\/blog\/wp-content\/plugins\/wp-postratings\/images\/stars_crystal\/rating_half.gif\" alt=\"4 \u00e9toiles\" title=\"4 \u00e9toiles\" onmouseover=\"current_rating(128, 4, '4 \u00e9toiles');\" onmouseout=\"ratings_off(3.9, 4, 0);\" onclick=\"rate_post();\" onkeypress=\"rate_post();\" style=\"cursor: pointer; border: 0px;\" \/><img decoding=\"async\" id=\"rating_128_5\" src=\"https:\/\/www.tempetedelouest.fr\/blog\/wp-content\/plugins\/wp-postratings\/images\/stars_crystal\/rating_off.gif\" alt=\"5 \u00e9toiles\" title=\"5 \u00e9toiles\" onmouseover=\"current_rating(128, 5, '5 \u00e9toiles');\" onmouseout=\"ratings_off(3.9, 4, 0);\" onclick=\"rate_post();\" onkeypress=\"rate_post();\" style=\"cursor: pointer; border: 0px;\" \/> <span class=\"count\">7<\/span>  votes | moyenne: <span class=\"average\">3,86<\/span>  sur 5 <span class=\"post-ratings-text\" id=\"ratings_128_text\"><\/span>\r\n<\/span><\/span><\/span><span id=\"post-ratings-128-loading\" class=\"post-ratings-loading\"><img loading=\"lazy\" decoding=\"async\" src=\"https:\/\/www.tempetedelouest.fr\/blog\/wp-content\/plugins\/wp-postratings\/images\/loading.gif\" width=\"16\" height=\"16\" class=\"post-ratings-image\" \/>Loading...<\/span><\/center>&nbsp;<\/p>\n<p style=\"text-align: justify;\">Nous avons d\u00e9cid\u00e9 de lister tous les records bretons en mati\u00e8re de gastronomie ! Nous sommes tomb\u00e9s sur des articles plut\u00f4t amusants de concours et autres records des plus gros g\u00e2teaux et cr\u00eapes avec des dimensions pour le moins ahurissantes, voyez-en par vous m\u00eame :<\/p>\n<p>&nbsp;<\/p>\n<h2><strong>Le plus gros g\u00e2teau breton<\/strong><\/h2>\n<figure id=\"attachment_133\" aria-describedby=\"caption-attachment-133\" style=\"width: 300px\" class=\"wp-caption alignright\"><a href=\"https:\/\/www.tempetedelouest.fr\/blog\/wp-content\/uploads\/2013\/10\/plus-grand-gateau-breton.jpg\"><img loading=\"lazy\" decoding=\"async\" class=\"size-medium wp-image-133\" src=\"https:\/\/www.tempetedelouest.fr\/blog\/wp-content\/uploads\/2013\/10\/plus-grand-gateau-breton-300x252.jpg\" alt=\"Cr\u00e9dits photo : Mireille Melon trouv\u00e9 sur le site letelegramme.fr\" width=\"300\" height=\"252\" srcset=\"https:\/\/www.tempetedelouest.fr\/blog\/wp-content\/uploads\/2013\/10\/plus-grand-gateau-breton-300x252.jpg 300w, https:\/\/www.tempetedelouest.fr\/blog\/wp-content\/uploads\/2013\/10\/plus-grand-gateau-breton.jpg 482w\" sizes=\"auto, (max-width: 300px) 100vw, 300px\" \/><\/a><figcaption id=\"caption-attachment-133\" class=\"wp-caption-text\">Cr\u00e9dits photo : Mireille Melon trouv\u00e9 sur le site letelegramme.fr<\/figcaption><\/figure>\n<p style=\"text-align: justify;\">Un g\u00e2teau bien connu et reconnaissable \u00e0 sa forme bien ronde, sa cro\u00fbte brillante orn\u00e9e de croisillons et surtout son go\u00fbt riche en beurre ! Ce record a \u00e9t\u00e9 r\u00e9alis\u00e9 \u00e0 Ploemeur dans le Morbihan, en mars 2013, lors<b>\u00a0<\/b>du championnat du monde du meilleur g\u00e2teau breton.<\/p>\n<p><strong>Sa dimension :<\/strong>\u00a01,15 m de diam\u00e8tre et 2,5 cm d&rsquo;\u00e9paisseur<\/p>\n<p><strong>Les ingr\u00e9dients :<\/strong><\/p>\n<ul>\n<li>144 oeufs<\/li>\n<li>10 kg de farine<\/li>\n<li>6 kg de beurre<\/li>\n<li>6 kg de sucre<\/li>\n<li>Un ingr\u00e9dient secret<\/li>\n<\/ul>\n<p>&nbsp;<\/p>\n<p>&nbsp;<\/p>\n<h2><strong>Le plus gros far breton<\/strong><\/h2>\n<figure id=\"attachment_132\" aria-describedby=\"caption-attachment-132\" style=\"width: 300px\" class=\"wp-caption alignright\"><a href=\"https:\/\/www.tempetedelouest.fr\/blog\/wp-content\/uploads\/2013\/10\/plus-grand-far-breton.jpg\"><img loading=\"lazy\" decoding=\"async\" class=\"size-medium wp-image-132\" src=\"https:\/\/www.tempetedelouest.fr\/blog\/wp-content\/uploads\/2013\/10\/plus-grand-far-breton-300x199.jpg\" alt=\"Cr\u00e9dit photo : Studio Degonne, trouv\u00e9 sur le site restaurantduterroir.fr\" width=\"300\" height=\"199\" srcset=\"https:\/\/www.tempetedelouest.fr\/blog\/wp-content\/uploads\/2013\/10\/plus-grand-far-breton-300x199.jpg 300w, https:\/\/www.tempetedelouest.fr\/blog\/wp-content\/uploads\/2013\/10\/plus-grand-far-breton.jpg 660w\" sizes=\"auto, (max-width: 300px) 100vw, 300px\" \/><\/a><figcaption id=\"caption-attachment-132\" class=\"wp-caption-text\">Cr\u00e9dit photo : Studio Degonne, trouv\u00e9 sur le site restaurantduterroir.fr<\/figcaption><\/figure>\n<p style=\"text-align: justify;\">Un dessert bien connu, le far breton est une sorte de flan tr\u00e8s \u00e9pais que l&rsquo;on mange nature ou avec des pruneaux. Le d\u00e9fi des Restaurants du Terroir (un label regroupant une 60aine de restaurants bretons et plus de 200 producteurs\/\u00e9leveurs bretons) \u00e9tait de fabriquer un far g\u00e9ant \u00e0 l&rsquo;occasion des f\u00eates\u00a0Entre Terre et Mer de Morlaix (29)\u00a0: pour ce faire, pas moins de\u00a09 boulangers, p\u00e2tissiers et restaurateurs se sont attel\u00e9 \u00e0 la fabrication ce g\u00e2teau.<\/p>\n<p style=\"text-align: justify;\"><strong>Sa dimension :<\/strong>\u00a0non communiqu\u00e9, mais 76 fars ont \u00e9t\u00e9 fabriqu\u00e9s et assembl\u00e9s pour \u00e9laborer ce far xxl !<\/p>\n<p><strong>Les ingr\u00e9dients :<\/strong><\/p>\n<ul>\n<li>600 oeufs<\/li>\n<li>120 L de lait<\/li>\n<li>30 kilos de farine<\/li>\n<li>30 kilos de sucre<\/li>\n<li>36 sachets de pruneaux<\/li>\n<\/ul>\n<p>&nbsp;<\/p>\n<p>&nbsp;<\/p>\n<h2><strong>La plus grande cr\u00eape bretonne<\/strong><\/h2>\n<figure id=\"attachment_134\" aria-describedby=\"caption-attachment-134\" style=\"width: 300px\" class=\"wp-caption alignright\"><a href=\"https:\/\/www.tempetedelouest.fr\/blog\/wp-content\/uploads\/2013\/10\/plus-grande-crepe.jpg\"><img loading=\"lazy\" decoding=\"async\" class=\"size-medium wp-image-134\" src=\"https:\/\/www.tempetedelouest.fr\/blog\/wp-content\/uploads\/2013\/10\/plus-grande-crepe-300x225.jpg\" alt=\"cr\" width=\"300\" height=\"225\" srcset=\"https:\/\/www.tempetedelouest.fr\/blog\/wp-content\/uploads\/2013\/10\/plus-grande-crepe-300x225.jpg 300w, https:\/\/www.tempetedelouest.fr\/blog\/wp-content\/uploads\/2013\/10\/plus-grande-crepe.jpg 600w\" sizes=\"auto, (max-width: 300px) 100vw, 300px\" \/><\/a><figcaption id=\"caption-attachment-134\" class=\"wp-caption-text\">Cr\u00e9dits photo : Dominique Jahier, trouv\u00e9 sur le site fetedelacrepe.fr<\/figcaption><\/figure>\n<p style=\"text-align: justify;\">La f\u00eate de la cr\u00eape qui a eu lieu \u00e0 Gourin (56) en juillet dernier organise chaque ann\u00e9e un \u00e9tonnant concours,\u00a0celui de la plus grande cr\u00eape ! Le record \u00e0 battre date de 2006 avec une cr\u00eape de 90 cm de diam\u00e8tre, je vous laisse imaginer&#8230; Les enfants peuvent aussi y participer et le record est de 79 cm en 2005.<\/p>\n<p style=\"text-align: justify;\">Cette ann\u00e9e, la gagnante a r\u00e9ussi a \u00e9laborer une cr\u00eape de 84 cm tout de m\u00eame, et c\u00f4t\u00e9 enfant une cr\u00eape de 70 cm.<\/p>\n<p style=\"text-align: justify;\">Pour y participer, inutile de dire qu&rsquo;il vaut mieux ma\u00eetriser l&rsquo;art du bilig mais il faut aussi respecter un cahier des charges bien pr\u00e9cis : une dose de p\u00e2te maximale doit \u00eatre utilis\u00e9e et des crit\u00e8res tels que la rondeur, la taille, la cuisson, l&rsquo;\u00e9paisseur et l&rsquo;aspect global seront inspect\u00e9s par le jury.<\/p>\n<p>&nbsp;<\/p>\n<p>&nbsp;<\/p>\n<h2><strong>Le plus gros kouign-amann<\/strong><\/h2>\n<p>Ce g\u00e2teau \u00e0 base de p\u00e2te \u00e0 pain ultra riche en beurre (mais ultra d\u00e9licieux !) a obtenu son record de taille \u00e0 Brest en 2009 gr\u00e2ce au travail de 25 boulangers et p\u00e2tissiers finist\u00e9riens,\u00a0membres de l&rsquo;Association des p\u00e2tissiers du Finist\u00e8re.<\/p>\n<p><strong>Sa dimension :<\/strong>\u00a02,80 m de diam\u00e8tre<\/p>\n<p><strong>Son poids :<\/strong>\u00a0120 kg<\/p>\n<p><strong>Les ingr\u00e9dients :\u00a0<\/strong><em>(liste non exhaustive)<\/em><\/p>\n<ul>\n<li>30\u00a0kg de beurre<\/li>\n<li>30 kg de sucre<\/li>\n<\/ul>\n<p>&nbsp;<\/p>\n<p>Si vous avez d&rsquo;autres records bretons \u00e0 nous montrer, n&rsquo;h\u00e9sitez pas \ud83d\ude42<\/p>\n","protected":false},"excerpt":{"rendered":"<p>Notez cet article: &nbsp; Nous avons d\u00e9cid\u00e9 de lister tous les records bretons en mati\u00e8re de gastronomie ! Nous sommes tomb\u00e9s sur des articles plut\u00f4t amusants de concours et autres records des plus gros g\u00e2teaux et cr\u00eapes avec des dimensions pour le moins ahurissantes, voyez-en par vous m\u00eame : &nbsp; Le plus gros g\u00e2teau breton [&#8230;]\n","protected":false},"author":1,"featured_media":134,"comment_status":"open","ping_status":"open","sticky":false,"template":"","format":"standard","meta":{"footnotes":""},"categories":[1],"tags":[],"class_list":["post-128","post","type-post","status-publish","format-standard","has-post-thumbnail","hentry","category-actualites"],"yoast_head":"<!-- This site is optimized with the Yoast SEO plugin v27.1.1 - https:\/\/yoast.com\/product\/yoast-seo-wordpress\/ -->\n<title>Notre Guinness Book des records bretons - Temp\u00eate de l&#039;Ouest<\/title>\n<meta name=\"description\" content=\"Il y a des records pour tout... et m\u00eame le g\u00e2teau breton ! Temp\u00eate de l&#039;Ouest vous parle du plus gros g\u00e2teau breton jamais pr\u00e9par\u00e9....\" \/>\n<meta name=\"robots\" content=\"index, follow, max-snippet:-1, max-image-preview:large, max-video-preview:-1\" \/>\n<link rel=\"canonical\" href=\"https:\/\/www.tempetedelouest.fr\/blog\/guiness-book-records-bretons\/\" \/>\n<meta property=\"og:locale\" content=\"fr_FR\" \/>\n<meta property=\"og:type\" content=\"article\" \/>\n<meta property=\"og:title\" content=\"Notre Guinness Book des records bretons - Temp\u00eate de l&#039;Ouest\" \/>\n<meta property=\"og:description\" content=\"Il y a des records pour tout... et m\u00eame le g\u00e2teau breton ! Temp\u00eate de l&#039;Ouest vous parle du plus gros g\u00e2teau breton jamais pr\u00e9par\u00e9....\" \/>\n<meta property=\"og:url\" content=\"https:\/\/www.tempetedelouest.fr\/blog\/guiness-book-records-bretons\/\" \/>\n<meta property=\"og:site_name\" content=\"Le blog de Temp\u00eate de l&#039;Ouest !\" \/>\n<meta property=\"article:publisher\" content=\"https:\/\/www.facebook.com\/TempetedeLouest\" \/>\n<meta property=\"article:author\" content=\"https:\/\/www.facebook.com\/TempetedeLouest\/\" \/>\n<meta property=\"article:published_time\" content=\"2013-10-07T09:33:21+00:00\" \/>\n<meta property=\"article:modified_time\" content=\"2023-03-21T19:57:26+00:00\" \/>\n<meta property=\"og:image\" content=\"https:\/\/www.tempetedelouest.fr\/blog\/wp-content\/uploads\/2013\/10\/plus-grande-crepe.jpg\" \/>\n\t<meta property=\"og:image:width\" content=\"600\" \/>\n\t<meta property=\"og:image:height\" content=\"450\" \/>\n\t<meta property=\"og:image:type\" content=\"image\/jpeg\" \/>\n<meta name=\"author\" content=\"Temp\u00eate de l&#039;Ouest\" \/>\n<meta name=\"twitter:card\" content=\"summary_large_image\" \/>\n<meta name=\"twitter:creator\" content=\"@TempetedeLouest\" \/>\n<meta name=\"twitter:site\" content=\"@tempetedelouest\" \/>\n<meta name=\"twitter:label1\" content=\"\u00c9crit par\" \/>\n\t<meta name=\"twitter:data1\" content=\"Temp\u00eate de l&#039;Ouest\" \/>\n\t<meta name=\"twitter:label2\" content=\"Dur\u00e9e de lecture estim\u00e9e\" \/>\n\t<meta name=\"twitter:data2\" content=\"3 minutes\" \/>\n<script type=\"application\/ld+json\" class=\"yoast-schema-graph\">{\"@context\":\"https:\/\/schema.org\",\"@graph\":[{\"@type\":\"Article\",\"@id\":\"https:\/\/www.tempetedelouest.fr\/blog\/guiness-book-records-bretons\/#article\",\"isPartOf\":{\"@id\":\"https:\/\/www.tempetedelouest.fr\/blog\/guiness-book-records-bretons\/\"},\"author\":{\"name\":\"Temp\u00eate de l'Ouest\",\"@id\":\"https:\/\/www.tempetedelouest.fr\/blog\/#\/schema\/person\/503e256587cb6a291c432298d10c8b4d\"},\"headline\":\"Notre \u00ab\u00a0Guinness Book\u00a0\u00bb des records bretons !\",\"datePublished\":\"2013-10-07T09:33:21+00:00\",\"dateModified\":\"2023-03-21T19:57:26+00:00\",\"mainEntityOfPage\":{\"@id\":\"https:\/\/www.tempetedelouest.fr\/blog\/guiness-book-records-bretons\/\"},\"wordCount\":565,\"commentCount\":0,\"image\":{\"@id\":\"https:\/\/www.tempetedelouest.fr\/blog\/guiness-book-records-bretons\/#primaryimage\"},\"thumbnailUrl\":\"https:\/\/www.tempetedelouest.fr\/blog\/wp-content\/uploads\/2013\/10\/plus-grande-crepe.jpg\",\"articleSection\":[\"Actus\"],\"inLanguage\":\"fr-FR\",\"potentialAction\":[{\"@type\":\"CommentAction\",\"name\":\"Comment\",\"target\":[\"https:\/\/www.tempetedelouest.fr\/blog\/guiness-book-records-bretons\/#respond\"]}]},{\"@type\":\"WebPage\",\"@id\":\"https:\/\/www.tempetedelouest.fr\/blog\/guiness-book-records-bretons\/\",\"url\":\"https:\/\/www.tempetedelouest.fr\/blog\/guiness-book-records-bretons\/\",\"name\":\"Notre Guinness Book des records bretons - Temp\u00eate de l'Ouest\",\"isPartOf\":{\"@id\":\"https:\/\/www.tempetedelouest.fr\/blog\/#website\"},\"primaryImageOfPage\":{\"@id\":\"https:\/\/www.tempetedelouest.fr\/blog\/guiness-book-records-bretons\/#primaryimage\"},\"image\":{\"@id\":\"https:\/\/www.tempetedelouest.fr\/blog\/guiness-book-records-bretons\/#primaryimage\"},\"thumbnailUrl\":\"https:\/\/www.tempetedelouest.fr\/blog\/wp-content\/uploads\/2013\/10\/plus-grande-crepe.jpg\",\"datePublished\":\"2013-10-07T09:33:21+00:00\",\"dateModified\":\"2023-03-21T19:57:26+00:00\",\"author\":{\"@id\":\"https:\/\/www.tempetedelouest.fr\/blog\/#\/schema\/person\/503e256587cb6a291c432298d10c8b4d\"},\"description\":\"Il y a des records pour tout... et m\u00eame le g\u00e2teau breton ! Temp\u00eate de l'Ouest vous parle du plus gros g\u00e2teau breton jamais pr\u00e9par\u00e9....\",\"breadcrumb\":{\"@id\":\"https:\/\/www.tempetedelouest.fr\/blog\/guiness-book-records-bretons\/#breadcrumb\"},\"inLanguage\":\"fr-FR\",\"potentialAction\":[{\"@type\":\"ReadAction\",\"target\":[\"https:\/\/www.tempetedelouest.fr\/blog\/guiness-book-records-bretons\/\"]}]},{\"@type\":\"ImageObject\",\"inLanguage\":\"fr-FR\",\"@id\":\"https:\/\/www.tempetedelouest.fr\/blog\/guiness-book-records-bretons\/#primaryimage\",\"url\":\"https:\/\/www.tempetedelouest.fr\/blog\/wp-content\/uploads\/2013\/10\/plus-grande-crepe.jpg\",\"contentUrl\":\"https:\/\/www.tempetedelouest.fr\/blog\/wp-content\/uploads\/2013\/10\/plus-grande-crepe.jpg\",\"width\":600,\"height\":450,\"caption\":\"cr\"},{\"@type\":\"BreadcrumbList\",\"@id\":\"https:\/\/www.tempetedelouest.fr\/blog\/guiness-book-records-bretons\/#breadcrumb\",\"itemListElement\":[{\"@type\":\"ListItem\",\"position\":1,\"name\":\"Accueil\",\"item\":\"https:\/\/www.tempetedelouest.fr\/blog\/\"},{\"@type\":\"ListItem\",\"position\":2,\"name\":\"Actus\",\"item\":\"https:\/\/www.tempetedelouest.fr\/blog\/actualites\/\"},{\"@type\":\"ListItem\",\"position\":3,\"name\":\"Notre \u00ab\u00a0Guinness Book\u00a0\u00bb des records bretons !\"}]},{\"@type\":\"WebSite\",\"@id\":\"https:\/\/www.tempetedelouest.fr\/blog\/#website\",\"url\":\"https:\/\/www.tempetedelouest.fr\/blog\/\",\"name\":\"Le blog de Temp\u00eate de l'Ouest !\",\"description\":\"Un raz de mar\u00e9e d&#039;infos sur la gastronomie bretonne\",\"potentialAction\":[{\"@type\":\"SearchAction\",\"target\":{\"@type\":\"EntryPoint\",\"urlTemplate\":\"https:\/\/www.tempetedelouest.fr\/blog\/?s={search_term_string}\"},\"query-input\":{\"@type\":\"PropertyValueSpecification\",\"valueRequired\":true,\"valueName\":\"search_term_string\"}}],\"inLanguage\":\"fr-FR\"},{\"@type\":\"Person\",\"@id\":\"https:\/\/www.tempetedelouest.fr\/blog\/#\/schema\/person\/503e256587cb6a291c432298d10c8b4d\",\"name\":\"Temp\u00eate de l'Ouest\",\"image\":{\"@type\":\"ImageObject\",\"inLanguage\":\"fr-FR\",\"@id\":\"https:\/\/www.tempetedelouest.fr\/blog\/#\/schema\/person\/image\/\",\"url\":\"https:\/\/secure.gravatar.com\/avatar\/78a8fb5799099ec83ef58895aa2111b9001a891ad5105c35ac6b9ca811f91996?s=96&d=mm&r=g\",\"contentUrl\":\"https:\/\/secure.gravatar.com\/avatar\/78a8fb5799099ec83ef58895aa2111b9001a891ad5105c35ac6b9ca811f91996?s=96&d=mm&r=g\",\"caption\":\"Temp\u00eate de l'Ouest\"},\"sameAs\":[\"https:\/\/www.facebook.com\/TempetedeLouest\/\",\"http:\/\/www.pinterest.com\/tempetedelouest\/\",\"https:\/\/x.com\/TempetedeLouest\"]}]}<\/script>\n<!-- \/ Yoast SEO plugin. -->","yoast_head_json":{"title":"Notre Guinness Book des records bretons - Temp\u00eate de l'Ouest","description":"Il y a des records pour tout... et m\u00eame le g\u00e2teau breton ! Temp\u00eate de l'Ouest vous parle du plus gros g\u00e2teau breton jamais pr\u00e9par\u00e9....","robots":{"index":"index","follow":"follow","max-snippet":"max-snippet:-1","max-image-preview":"max-image-preview:large","max-video-preview":"max-video-preview:-1"},"canonical":"https:\/\/www.tempetedelouest.fr\/blog\/guiness-book-records-bretons\/","og_locale":"fr_FR","og_type":"article","og_title":"Notre Guinness Book des records bretons - Temp\u00eate de l'Ouest","og_description":"Il y a des records pour tout... et m\u00eame le g\u00e2teau breton ! Temp\u00eate de l'Ouest vous parle du plus gros g\u00e2teau breton jamais pr\u00e9par\u00e9....","og_url":"https:\/\/www.tempetedelouest.fr\/blog\/guiness-book-records-bretons\/","og_site_name":"Le blog de Temp\u00eate de l&#039;Ouest !","article_publisher":"https:\/\/www.facebook.com\/TempetedeLouest","article_author":"https:\/\/www.facebook.com\/TempetedeLouest\/","article_published_time":"2013-10-07T09:33:21+00:00","article_modified_time":"2023-03-21T19:57:26+00:00","og_image":[{"width":600,"height":450,"url":"https:\/\/www.tempetedelouest.fr\/blog\/wp-content\/uploads\/2013\/10\/plus-grande-crepe.jpg","type":"image\/jpeg"}],"author":"Temp\u00eate de l'Ouest","twitter_card":"summary_large_image","twitter_creator":"@TempetedeLouest","twitter_site":"@tempetedelouest","twitter_misc":{"\u00c9crit par":"Temp\u00eate de l'Ouest","Dur\u00e9e de lecture estim\u00e9e":"3 minutes"},"schema":{"@context":"https:\/\/schema.org","@graph":[{"@type":"Article","@id":"https:\/\/www.tempetedelouest.fr\/blog\/guiness-book-records-bretons\/#article","isPartOf":{"@id":"https:\/\/www.tempetedelouest.fr\/blog\/guiness-book-records-bretons\/"},"author":{"name":"Temp\u00eate de l'Ouest","@id":"https:\/\/www.tempetedelouest.fr\/blog\/#\/schema\/person\/503e256587cb6a291c432298d10c8b4d"},"headline":"Notre \u00ab\u00a0Guinness Book\u00a0\u00bb des records bretons !","datePublished":"2013-10-07T09:33:21+00:00","dateModified":"2023-03-21T19:57:26+00:00","mainEntityOfPage":{"@id":"https:\/\/www.tempetedelouest.fr\/blog\/guiness-book-records-bretons\/"},"wordCount":565,"commentCount":0,"image":{"@id":"https:\/\/www.tempetedelouest.fr\/blog\/guiness-book-records-bretons\/#primaryimage"},"thumbnailUrl":"https:\/\/www.tempetedelouest.fr\/blog\/wp-content\/uploads\/2013\/10\/plus-grande-crepe.jpg","articleSection":["Actus"],"inLanguage":"fr-FR","potentialAction":[{"@type":"CommentAction","name":"Comment","target":["https:\/\/www.tempetedelouest.fr\/blog\/guiness-book-records-bretons\/#respond"]}]},{"@type":"WebPage","@id":"https:\/\/www.tempetedelouest.fr\/blog\/guiness-book-records-bretons\/","url":"https:\/\/www.tempetedelouest.fr\/blog\/guiness-book-records-bretons\/","name":"Notre Guinness Book des records bretons - Temp\u00eate de l'Ouest","isPartOf":{"@id":"https:\/\/www.tempetedelouest.fr\/blog\/#website"},"primaryImageOfPage":{"@id":"https:\/\/www.tempetedelouest.fr\/blog\/guiness-book-records-bretons\/#primaryimage"},"image":{"@id":"https:\/\/www.tempetedelouest.fr\/blog\/guiness-book-records-bretons\/#primaryimage"},"thumbnailUrl":"https:\/\/www.tempetedelouest.fr\/blog\/wp-content\/uploads\/2013\/10\/plus-grande-crepe.jpg","datePublished":"2013-10-07T09:33:21+00:00","dateModified":"2023-03-21T19:57:26+00:00","author":{"@id":"https:\/\/www.tempetedelouest.fr\/blog\/#\/schema\/person\/503e256587cb6a291c432298d10c8b4d"},"description":"Il y a des records pour tout... et m\u00eame le g\u00e2teau breton ! Temp\u00eate de l'Ouest vous parle du plus gros g\u00e2teau breton jamais pr\u00e9par\u00e9....","breadcrumb":{"@id":"https:\/\/www.tempetedelouest.fr\/blog\/guiness-book-records-bretons\/#breadcrumb"},"inLanguage":"fr-FR","potentialAction":[{"@type":"ReadAction","target":["https:\/\/www.tempetedelouest.fr\/blog\/guiness-book-records-bretons\/"]}]},{"@type":"ImageObject","inLanguage":"fr-FR","@id":"https:\/\/www.tempetedelouest.fr\/blog\/guiness-book-records-bretons\/#primaryimage","url":"https:\/\/www.tempetedelouest.fr\/blog\/wp-content\/uploads\/2013\/10\/plus-grande-crepe.jpg","contentUrl":"https:\/\/www.tempetedelouest.fr\/blog\/wp-content\/uploads\/2013\/10\/plus-grande-crepe.jpg","width":600,"height":450,"caption":"cr"},{"@type":"BreadcrumbList","@id":"https:\/\/www.tempetedelouest.fr\/blog\/guiness-book-records-bretons\/#breadcrumb","itemListElement":[{"@type":"ListItem","position":1,"name":"Accueil","item":"https:\/\/www.tempetedelouest.fr\/blog\/"},{"@type":"ListItem","position":2,"name":"Actus","item":"https:\/\/www.tempetedelouest.fr\/blog\/actualites\/"},{"@type":"ListItem","position":3,"name":"Notre \u00ab\u00a0Guinness Book\u00a0\u00bb des records bretons !"}]},{"@type":"WebSite","@id":"https:\/\/www.tempetedelouest.fr\/blog\/#website","url":"https:\/\/www.tempetedelouest.fr\/blog\/","name":"Le blog de Temp\u00eate de l'Ouest !","description":"Un raz de mar\u00e9e d&#039;infos sur la gastronomie bretonne","potentialAction":[{"@type":"SearchAction","target":{"@type":"EntryPoint","urlTemplate":"https:\/\/www.tempetedelouest.fr\/blog\/?s={search_term_string}"},"query-input":{"@type":"PropertyValueSpecification","valueRequired":true,"valueName":"search_term_string"}}],"inLanguage":"fr-FR"},{"@type":"Person","@id":"https:\/\/www.tempetedelouest.fr\/blog\/#\/schema\/person\/503e256587cb6a291c432298d10c8b4d","name":"Temp\u00eate de l'Ouest","image":{"@type":"ImageObject","inLanguage":"fr-FR","@id":"https:\/\/www.tempetedelouest.fr\/blog\/#\/schema\/person\/image\/","url":"https:\/\/secure.gravatar.com\/avatar\/78a8fb5799099ec83ef58895aa2111b9001a891ad5105c35ac6b9ca811f91996?s=96&d=mm&r=g","contentUrl":"https:\/\/secure.gravatar.com\/avatar\/78a8fb5799099ec83ef58895aa2111b9001a891ad5105c35ac6b9ca811f91996?s=96&d=mm&r=g","caption":"Temp\u00eate de l'Ouest"},"sameAs":["https:\/\/www.facebook.com\/TempetedeLouest\/","http:\/\/www.pinterest.com\/tempetedelouest\/","https:\/\/x.com\/TempetedeLouest"]}]}},"_links":{"self":[{"href":"https:\/\/www.tempetedelouest.fr\/blog\/wp-json\/wp\/v2\/posts\/128","targetHints":{"allow":["GET"]}}],"collection":[{"href":"https:\/\/www.tempetedelouest.fr\/blog\/wp-json\/wp\/v2\/posts"}],"about":[{"href":"https:\/\/www.tempetedelouest.fr\/blog\/wp-json\/wp\/v2\/types\/post"}],"author":[{"embeddable":true,"href":"https:\/\/www.tempetedelouest.fr\/blog\/wp-json\/wp\/v2\/users\/1"}],"replies":[{"embeddable":true,"href":"https:\/\/www.tempetedelouest.fr\/blog\/wp-json\/wp\/v2\/comments?post=128"}],"version-history":[{"count":0,"href":"https:\/\/www.tempetedelouest.fr\/blog\/wp-json\/wp\/v2\/posts\/128\/revisions"}],"wp:featuredmedia":[{"embeddable":true,"href":"https:\/\/www.tempetedelouest.fr\/blog\/wp-json\/wp\/v2\/media\/134"}],"wp:attachment":[{"href":"https:\/\/www.tempetedelouest.fr\/blog\/wp-json\/wp\/v2\/media?parent=128"}],"wp:term":[{"taxonomy":"category","embeddable":true,"href":"https:\/\/www.tempetedelouest.fr\/blog\/wp-json\/wp\/v2\/categories?post=128"},{"taxonomy":"post_tag","embeddable":true,"href":"https:\/\/www.tempetedelouest.fr\/blog\/wp-json\/wp\/v2\/tags?post=128"}],"curies":[{"name":"wp","href":"https:\/\/api.w.org\/{rel}","templated":true}]}}