{"id":1202,"date":"2014-11-28T11:01:49","date_gmt":"2014-11-28T10:01:49","guid":{"rendered":"https:\/\/www.tempetedelouest.fr\/blog\/?p=1202"},"modified":"2015-01-29T10:11:42","modified_gmt":"2015-01-29T09:11:42","slug":"cidre-breton-pommes-bulles-du-savoir-faire","status":"publish","type":"post","link":"https:\/\/www.tempetedelouest.fr\/blog\/cidre-breton-pommes-bulles-du-savoir-faire\/","title":{"rendered":"Le cidre breton\u00a0: des pommes, des bulles et du savoir-faire\u00a0!"},"content":{"rendered":"<p><center><strong>Notez cet article:<\/strong> <span id=\"post-ratings-1202\" class=\"post-ratings\" data-nonce=\"e81e9a29af\"><span class=\"review hreview-aggregate\"><span class=\"rating\"><img decoding=\"async\" id=\"rating_1202_1\" src=\"https:\/\/www.tempetedelouest.fr\/blog\/wp-content\/plugins\/wp-postratings\/images\/stars_crystal\/rating_on.gif\" alt=\"1 \u00e9toile\" title=\"1 \u00e9toile\" onmouseover=\"current_rating(1202, 1, '1 \u00e9toile');\" onmouseout=\"ratings_off(3, 0, 0);\" onclick=\"rate_post();\" onkeypress=\"rate_post();\" style=\"cursor: pointer; border: 0px;\" \/><img decoding=\"async\" id=\"rating_1202_2\" src=\"https:\/\/www.tempetedelouest.fr\/blog\/wp-content\/plugins\/wp-postratings\/images\/stars_crystal\/rating_on.gif\" alt=\"2 \u00e9toiles\" title=\"2 \u00e9toiles\" onmouseover=\"current_rating(1202, 2, '2 \u00e9toiles');\" onmouseout=\"ratings_off(3, 0, 0);\" onclick=\"rate_post();\" onkeypress=\"rate_post();\" style=\"cursor: pointer; border: 0px;\" \/><img decoding=\"async\" id=\"rating_1202_3\" src=\"https:\/\/www.tempetedelouest.fr\/blog\/wp-content\/plugins\/wp-postratings\/images\/stars_crystal\/rating_on.gif\" alt=\"3 \u00e9toiles\" title=\"3 \u00e9toiles\" onmouseover=\"current_rating(1202, 3, '3 \u00e9toiles');\" onmouseout=\"ratings_off(3, 0, 0);\" onclick=\"rate_post();\" onkeypress=\"rate_post();\" style=\"cursor: pointer; border: 0px;\" \/><img decoding=\"async\" id=\"rating_1202_4\" src=\"https:\/\/www.tempetedelouest.fr\/blog\/wp-content\/plugins\/wp-postratings\/images\/stars_crystal\/rating_off.gif\" alt=\"4 \u00e9toiles\" title=\"4 \u00e9toiles\" onmouseover=\"current_rating(1202, 4, '4 \u00e9toiles');\" onmouseout=\"ratings_off(3, 0, 0);\" onclick=\"rate_post();\" onkeypress=\"rate_post();\" style=\"cursor: pointer; border: 0px;\" \/><img decoding=\"async\" id=\"rating_1202_5\" src=\"https:\/\/www.tempetedelouest.fr\/blog\/wp-content\/plugins\/wp-postratings\/images\/stars_crystal\/rating_off.gif\" alt=\"5 \u00e9toiles\" title=\"5 \u00e9toiles\" onmouseover=\"current_rating(1202, 5, '5 \u00e9toiles');\" onmouseout=\"ratings_off(3, 0, 0);\" onclick=\"rate_post();\" onkeypress=\"rate_post();\" style=\"cursor: pointer; border: 0px;\" \/> <span class=\"count\">4<\/span>  votes | moyenne: <span class=\"average\">3,00<\/span>  sur 5 <span class=\"post-ratings-text\" id=\"ratings_1202_text\"><\/span>\r\n<\/span><\/span><\/span><span id=\"post-ratings-1202-loading\" class=\"post-ratings-loading\"><img loading=\"lazy\" decoding=\"async\" src=\"https:\/\/www.tempetedelouest.fr\/blog\/wp-content\/plugins\/wp-postratings\/images\/loading.gif\" width=\"16\" height=\"16\" class=\"post-ratings-image\" \/>Loading...<\/span><\/center>&nbsp;<\/p>\n<figure id=\"attachment_1212\" aria-describedby=\"caption-attachment-1212\" style=\"width: 640px\" class=\"wp-caption aligncenter\"><a href=\"https:\/\/www.tempetedelouest.fr\/blog\/wp-content\/uploads\/2014\/11\/cidre-breton.jpg\"><img loading=\"lazy\" decoding=\"async\" class=\"size-full wp-image-1212\" src=\"https:\/\/www.tempetedelouest.fr\/blog\/wp-content\/uploads\/2014\/11\/cidre-breton.jpg\" alt=\"Cr\u00e9dits : Flickr\" width=\"640\" height=\"429\" srcset=\"https:\/\/www.tempetedelouest.fr\/blog\/wp-content\/uploads\/2014\/11\/cidre-breton.jpg 640w, https:\/\/www.tempetedelouest.fr\/blog\/wp-content\/uploads\/2014\/11\/cidre-breton-300x201.jpg 300w\" sizes=\"auto, (max-width: 640px) 100vw, 640px\" \/><\/a><figcaption id=\"caption-attachment-1212\" class=\"wp-caption-text\">Cr\u00e9dits : <a href=\"https:\/\/www.flickr.com\/photos\/bocage-normand-tourisme\/\" target=\"_blank\">Flickr<\/a><\/figcaption><\/figure>\n<p style=\"text-align: justify;\">\n<p style=\"text-align: justify;\">Je ne sais pas pour vous, mais nous en Bretons que nous sommes, nous ne concevons pas de d\u00e9guster une galette <em>(d&rsquo;ailleurs, n&rsquo;oubliez pas que nous proposons de nombreuses <a title=\"idees de garnitures pour galettes\" href=\"https:\/\/www.tempetedelouest.fr\/blog\/chandeleur-galettes\/\">id\u00e9es de garnitures pour galettes<\/a> sur le blog)<\/em> sans une bol\u00e9e de cidre\u00a0!\u00a0C&rsquo;est pourquoi nous avons envie\u00a0de vous parler un peu de cette boisson, embl\u00e9matique de la r\u00e9gion et que nous proposons depuis peu sur notre boutique \ud83d\ude42<\/p>\n<p>&nbsp;<\/p>\n<h2 style=\"text-align: justify;\">Le cidre, un breuvage qui ne fait pas son \u00e2ge\u00a0!<\/h2>\n<p style=\"text-align: justify;\">A l&rsquo;Antiquit\u00e9, les Romains buvaient d\u00e9j\u00e0 des boissons \u00e0 base de pommes ferment\u00e9es, auxquelles ils ajoutaient du miel. Et cette consommation s&rsquo;est poursuivie au Moyen-Age\u00a0: on a retrouv\u00e9 des \u00e9crits \u00e9voquant le cidre qui remonteraient\u00a0au XII\u00e8me si\u00e8cle. C&rsquo;est au\u00a0XIII\u00e8me si\u00e8cle qu&rsquo;il appara\u00eet en Bretagne, o\u00f9 il est appel\u00e9 <em>sistre<\/em>. A cette \u00e9poque, c&rsquo;est une boisson r\u00e9serv\u00e9e aux riches nobles, le peuple se contentant souvent de la bi\u00e8re.<\/p>\n<p>&nbsp;<\/p>\n<figure id=\"attachment_1214\" aria-describedby=\"caption-attachment-1214\" style=\"width: 200px\" class=\"wp-caption alignright\"><img loading=\"lazy\" decoding=\"async\" class=\"size-full wp-image-1214\" src=\"https:\/\/www.tempetedelouest.fr\/blog\/wp-content\/uploads\/2014\/11\/cidre-e1417167449135.jpg\" alt=\"Cr\u00e9dits : Flickr\" width=\"200\" height=\"300\" \/><figcaption id=\"caption-attachment-1214\" class=\"wp-caption-text\">Cr\u00e9dits : <a href=\"https:\/\/www.flickr.com\/photos\/sunfox\/\" target=\"_blank\">Flickr<\/a><\/figcaption><\/figure>\n<p>&nbsp;<\/p>\n<h2 style=\"text-align: justify;\">Quelle est la diff\u00e9rence entre le cidre brut et le cidre doux\u00a0?<\/h2>\n<p style=\"text-align: justify;\">Si les pommes qui les composent sont les m\u00eames, le degr\u00e9 d&rsquo;alcool varie entre le cidre brut et le cidre doux. Alors que le cidre brut contient entre 3\u00a0% et 5\u00a0% d&rsquo;alcool, le cidre doux en contient moins de 3\u00a0%. Mais la teneur en sucre de ce dernier est sup\u00e9rieure, ce qui en fait une boisson id\u00e9ale pour accompagner vos desserts, cr\u00eapes, kouign amann ou autres fars bretons\u00a0!<\/p>\n<p style=\"text-align: justify;\">Pour le servir tout en restant dans le th\u00e8me, nous vous proposons de nombreuses <a title=\"bol\u00e9es \u00e0 cidre\" href=\"https:\/\/www.tempetedelouest.fr\/01\/vaisselle-et-ustensiles\/bolees-a-cidre\/\">bol\u00e9es \u00e0 cidre<\/a> avec divers d\u00e9cors tels que le drapeau breton, triskell ou bien encore une belle <a title=\"bol\u00e9e \u00e0 cidre mam goudig\" href=\"https:\/\/www.tempetedelouest.fr\/produit\/bolee-cidre-mam-goudig-crepes\/\">bol\u00e9e \u00e0 cidre Mam&rsquo;Goudig<\/a>. Qu&rsquo;il soit doux ou brut, le cidre se d\u00e9guste dans tous les cas bien frais !<\/p>\n<p>&nbsp;<\/p>\n<h2 style=\"text-align: justify;\">La fabrication du cidre<\/h2>\n<p style=\"text-align: justify;\">Les pommes ne sont r\u00e9colt\u00e9es qu&rsquo;une fois m\u00fbres, c&rsquo;est-\u00e0-dire lorsqu&rsquo;elles tombent par terre. Plus l&rsquo;\u00e9t\u00e9 est ensoleill\u00e9, plus le cidre sera bon\u00a0! Traditionnellement, les pommes sont ramass\u00e9es \u00e0 la main, de septembre \u00e0 novembre. Pour les grosses productions, la r\u00e9colte est souvent faite de mani\u00e8re m\u00e9canique. Les pommes r\u00e9colt\u00e9es sont ensuite lav\u00e9es, puis broy\u00e9es. La pulpe ainsi obtenue passe dans le pressoir, qui en extrait le pr\u00e9cieux jus. Il faut compter 10kg de pommes\u00a0pour\u00a06,5L de jus.<\/p>\n<p style=\"text-align: justify;\">Le jus de pomme fermente pendant l&rsquo;hiver gr\u00e2ce aux levures naturellement pr\u00e9sentes dans les fruits, faisant appara\u00eetre le gaz et l&rsquo;alcool. La fermentation va se poursuivre jusqu&rsquo;\u00e0 f\u00e9vrier et le cidre peut \u00eatre consomm\u00e9 d\u00e8s le printemps. Juste \u00e0 temps pour accompagner les cr\u00eapes de mardi-gras\u00a0!<\/p>\n<p>&nbsp;<\/p>\n<h2 style=\"text-align: justify;\">Le cidre et breton et ses d\u00e9riv\u00e9s<\/h2>\n<p><img loading=\"lazy\" decoding=\"async\" class=\"alignleft size-full wp-image-1218\" style=\"border: 0;\" src=\"https:\/\/www.tempetedelouest.fr\/blog\/wp-content\/uploads\/2014\/11\/igp.jpg\" alt=\"igp\" width=\"150\" height=\"150\" srcset=\"https:\/\/www.tempetedelouest.fr\/blog\/wp-content\/uploads\/2014\/11\/igp.jpg 250w, https:\/\/www.tempetedelouest.fr\/blog\/wp-content\/uploads\/2014\/11\/igp-150x150.jpg 150w\" sizes=\"auto, (max-width: 150px) 100vw, 150px\" \/><\/p>\n<p style=\"text-align: justify;\">Le cidre de Bretagne b\u00e9n\u00e9ficie de l&rsquo;<a href=\"http:\/\/alimentation.gouv.fr\/indication-geographique-protegee\" target=\"_blank\">IGP<\/a>, l&rsquo;<strong>indication g\u00e9ographique prot\u00e9g\u00e9e<\/strong>, comme le cidre artisanal de la <a title=\"cidrerie de gorvello\" href=\"https:\/\/www.tempetedelouest.fr\/02\/gorvello\/\" target=\"_blank\">distillerie du Gorvello<\/a>\u00a0que nous proposons sur la boutique. Ce qui signifie tout simplement que votre cidre, pour pouvoir s&rsquo;appeler cidre breton, doit avoir \u00e9t\u00e9 \u00e9labor\u00e9 en Bretagne\u00a0!<br \/>\nLe cidre breton est aujourd&rsquo;hui largement consomm\u00e9 en France et de nouvelles recettes voient le jour, comme le cidre ros\u00e9, \u00e0 la framboise, ou le cidre biologique, vinaigre de\u00a0cidre&#8230;<\/p>\n<p style=\"text-align: justify;\">Si l&rsquo;on distille le cidre brut, on obtient le lambig, aussi appel\u00e9 Fine Bretagne, une eau-de-vie \u00e0 40% d&rsquo;alcool appr\u00e9ci\u00e9e des connaisseurs, \u00e0 consommer avec mod\u00e9ration bien s\u00fbr\u00a0!\u00a0En plus doux, on trouve aussi le pommeau, qui est \u00e9labor\u00e9 avec deux tiers de jus de pomme et un tiers de lambig.<\/p>\n<p>&nbsp;<\/p>\n<h2 style=\"text-align: justify;\">La cuisine au cidre<\/h2>\n<p style=\"text-align: justify;\">Vous pouvez facilement utiliser le cidre dans vos recettes car il peut accompagner toutes les viandes, blanches ou rouges, ainsi que les poissons. Il est plus doux que le vin blanc et apportera un petit go\u00fbt sucr\u00e9 \u00e0 vos plats\u00a0! Un exemple d\u00e9licieusement iod\u00e9 avec cette recette d&rsquo;hu\u00eetres au confit de cidre et \u00e9chalotes www.recettes-bretonnes.fr\/plats-bretons\/huitres-chaudes-confit-cidre-breton.html Bon app\u00e9tit\u00a0!<\/p>\n<figure id=\"attachment_1204\" aria-describedby=\"caption-attachment-1204\" style=\"width: 450px\" class=\"wp-caption aligncenter\"><a href=\"https:\/\/www.tempetedelouest.fr\/02\/gorvello\/\"><img loading=\"lazy\" decoding=\"async\" class=\"size-full wp-image-1204\" src=\"https:\/\/www.tempetedelouest.fr\/blog\/wp-content\/uploads\/2014\/11\/gorvello.jpg\" alt=\"re\" width=\"450\" height=\"233\" srcset=\"https:\/\/www.tempetedelouest.fr\/blog\/wp-content\/uploads\/2014\/11\/gorvello.jpg 450w, https:\/\/www.tempetedelouest.fr\/blog\/wp-content\/uploads\/2014\/11\/gorvello-300x155.jpg 300w\" sizes=\"auto, (max-width: 450px) 100vw, 450px\" \/><\/a><figcaption id=\"caption-attachment-1204\" class=\"wp-caption-text\">Retrouvez le cidre artisanal et les boissons phare \u00e0 la pomme de la distillerie du Gorvello sur la boutique : <a href=\"https:\/\/www.tempetedelouest.fr\/02\/gorvello\/\" target=\"_blank\">d\u00e9couvrir<\/a><\/figcaption><\/figure>\n","protected":false},"excerpt":{"rendered":"<p>Notez cet article: &nbsp; Je ne sais pas pour vous, mais nous en Bretons que nous sommes, nous ne concevons pas de d\u00e9guster une galette (d&rsquo;ailleurs, n&rsquo;oubliez pas que nous proposons de nombreuses id\u00e9es de garnitures pour galettes sur le blog) sans une bol\u00e9e de cidre\u00a0!\u00a0C&rsquo;est pourquoi nous avons envie\u00a0de vous parler un peu de [&#8230;]\n","protected":false},"author":1,"featured_media":1212,"comment_status":"open","ping_status":"open","sticky":false,"template":"","format":"standard","meta":{"footnotes":""},"categories":[2],"tags":[],"class_list":["post-1202","post","type-post","status-publish","format-standard","has-post-thumbnail","hentry","category-marques-et-produits"],"yoast_head":"<!-- This site is optimized with the Yoast SEO plugin v27.1.1 - https:\/\/yoast.com\/product\/yoast-seo-wordpress\/ -->\n<title>\u21d2 Cidre Breton - Cidre Artisanal de la Distillerie du Gorvello<\/title>\n<meta name=\"description\" content=\"Sur Temp\u00eate de l&#039;Ouest, nous vous proposons bien sur du cidre ! A boire tr\u00e8s frais avec de bonnes cr\u00eapes, d\u00e9couvrez le cidre de la Distillerie du Gorvello !\" \/>\n<meta name=\"robots\" content=\"index, follow, max-snippet:-1, max-image-preview:large, max-video-preview:-1\" \/>\n<link rel=\"canonical\" href=\"https:\/\/www.tempetedelouest.fr\/blog\/cidre-breton-pommes-bulles-du-savoir-faire\/\" \/>\n<meta property=\"og:locale\" content=\"fr_FR\" \/>\n<meta property=\"og:type\" content=\"article\" \/>\n<meta property=\"og:title\" content=\"\u21d2 Cidre Breton - Cidre Artisanal de la Distillerie du Gorvello\" \/>\n<meta property=\"og:description\" content=\"Sur Temp\u00eate de l&#039;Ouest, nous vous proposons bien sur du cidre ! A boire tr\u00e8s frais avec de bonnes cr\u00eapes, d\u00e9couvrez le cidre de la Distillerie du Gorvello !\" \/>\n<meta property=\"og:url\" content=\"https:\/\/www.tempetedelouest.fr\/blog\/cidre-breton-pommes-bulles-du-savoir-faire\/\" \/>\n<meta property=\"og:site_name\" content=\"Le blog de Temp\u00eate de l&#039;Ouest !\" \/>\n<meta property=\"article:publisher\" content=\"https:\/\/www.facebook.com\/TempetedeLouest\" \/>\n<meta property=\"article:author\" content=\"https:\/\/www.facebook.com\/TempetedeLouest\/\" \/>\n<meta property=\"article:published_time\" content=\"2014-11-28T10:01:49+00:00\" \/>\n<meta property=\"article:modified_time\" content=\"2015-01-29T09:11:42+00:00\" \/>\n<meta property=\"og:image\" content=\"https:\/\/www.tempetedelouest.fr\/blog\/wp-content\/uploads\/2014\/11\/cidre-breton.jpg\" \/>\n\t<meta property=\"og:image:width\" content=\"640\" \/>\n\t<meta property=\"og:image:height\" content=\"429\" \/>\n\t<meta property=\"og:image:type\" content=\"image\/jpeg\" \/>\n<meta name=\"author\" content=\"Temp\u00eate de l&#039;Ouest\" \/>\n<meta name=\"twitter:card\" content=\"summary_large_image\" \/>\n<meta name=\"twitter:creator\" content=\"@TempetedeLouest\" \/>\n<meta name=\"twitter:site\" content=\"@tempetedelouest\" \/>\n<meta name=\"twitter:label1\" content=\"\u00c9crit par\" \/>\n\t<meta name=\"twitter:data1\" content=\"Temp\u00eate de l&#039;Ouest\" \/>\n\t<meta name=\"twitter:label2\" content=\"Dur\u00e9e de lecture estim\u00e9e\" \/>\n\t<meta name=\"twitter:data2\" content=\"4 minutes\" \/>\n<script type=\"application\/ld+json\" class=\"yoast-schema-graph\">{\"@context\":\"https:\/\/schema.org\",\"@graph\":[{\"@type\":\"Article\",\"@id\":\"https:\/\/www.tempetedelouest.fr\/blog\/cidre-breton-pommes-bulles-du-savoir-faire\/#article\",\"isPartOf\":{\"@id\":\"https:\/\/www.tempetedelouest.fr\/blog\/cidre-breton-pommes-bulles-du-savoir-faire\/\"},\"author\":{\"name\":\"Temp\u00eate de l'Ouest\",\"@id\":\"https:\/\/www.tempetedelouest.fr\/blog\/#\/schema\/person\/503e256587cb6a291c432298d10c8b4d\"},\"headline\":\"Le cidre breton\u00a0: des pommes, des bulles et du savoir-faire\u00a0!\",\"datePublished\":\"2014-11-28T10:01:49+00:00\",\"dateModified\":\"2015-01-29T09:11:42+00:00\",\"mainEntityOfPage\":{\"@id\":\"https:\/\/www.tempetedelouest.fr\/blog\/cidre-breton-pommes-bulles-du-savoir-faire\/\"},\"wordCount\":741,\"commentCount\":0,\"image\":{\"@id\":\"https:\/\/www.tempetedelouest.fr\/blog\/cidre-breton-pommes-bulles-du-savoir-faire\/#primaryimage\"},\"thumbnailUrl\":\"https:\/\/www.tempetedelouest.fr\/blog\/wp-content\/uploads\/2014\/11\/cidre-breton.jpg\",\"articleSection\":[\"Marques et produits\"],\"inLanguage\":\"fr-FR\",\"potentialAction\":[{\"@type\":\"CommentAction\",\"name\":\"Comment\",\"target\":[\"https:\/\/www.tempetedelouest.fr\/blog\/cidre-breton-pommes-bulles-du-savoir-faire\/#respond\"]}]},{\"@type\":\"WebPage\",\"@id\":\"https:\/\/www.tempetedelouest.fr\/blog\/cidre-breton-pommes-bulles-du-savoir-faire\/\",\"url\":\"https:\/\/www.tempetedelouest.fr\/blog\/cidre-breton-pommes-bulles-du-savoir-faire\/\",\"name\":\"\u21d2 Cidre Breton - Cidre Artisanal de la Distillerie du Gorvello\",\"isPartOf\":{\"@id\":\"https:\/\/www.tempetedelouest.fr\/blog\/#website\"},\"primaryImageOfPage\":{\"@id\":\"https:\/\/www.tempetedelouest.fr\/blog\/cidre-breton-pommes-bulles-du-savoir-faire\/#primaryimage\"},\"image\":{\"@id\":\"https:\/\/www.tempetedelouest.fr\/blog\/cidre-breton-pommes-bulles-du-savoir-faire\/#primaryimage\"},\"thumbnailUrl\":\"https:\/\/www.tempetedelouest.fr\/blog\/wp-content\/uploads\/2014\/11\/cidre-breton.jpg\",\"datePublished\":\"2014-11-28T10:01:49+00:00\",\"dateModified\":\"2015-01-29T09:11:42+00:00\",\"author\":{\"@id\":\"https:\/\/www.tempetedelouest.fr\/blog\/#\/schema\/person\/503e256587cb6a291c432298d10c8b4d\"},\"description\":\"Sur Temp\u00eate de l'Ouest, nous vous proposons bien sur du cidre ! A boire tr\u00e8s frais avec de bonnes cr\u00eapes, d\u00e9couvrez le cidre de la Distillerie du Gorvello !\",\"breadcrumb\":{\"@id\":\"https:\/\/www.tempetedelouest.fr\/blog\/cidre-breton-pommes-bulles-du-savoir-faire\/#breadcrumb\"},\"inLanguage\":\"fr-FR\",\"potentialAction\":[{\"@type\":\"ReadAction\",\"target\":[\"https:\/\/www.tempetedelouest.fr\/blog\/cidre-breton-pommes-bulles-du-savoir-faire\/\"]}]},{\"@type\":\"ImageObject\",\"inLanguage\":\"fr-FR\",\"@id\":\"https:\/\/www.tempetedelouest.fr\/blog\/cidre-breton-pommes-bulles-du-savoir-faire\/#primaryimage\",\"url\":\"https:\/\/www.tempetedelouest.fr\/blog\/wp-content\/uploads\/2014\/11\/cidre-breton.jpg\",\"contentUrl\":\"https:\/\/www.tempetedelouest.fr\/blog\/wp-content\/uploads\/2014\/11\/cidre-breton.jpg\",\"width\":640,\"height\":429,\"caption\":\"Cr\u00e9dits : Flickr\"},{\"@type\":\"BreadcrumbList\",\"@id\":\"https:\/\/www.tempetedelouest.fr\/blog\/cidre-breton-pommes-bulles-du-savoir-faire\/#breadcrumb\",\"itemListElement\":[{\"@type\":\"ListItem\",\"position\":1,\"name\":\"Accueil\",\"item\":\"https:\/\/www.tempetedelouest.fr\/blog\/\"},{\"@type\":\"ListItem\",\"position\":2,\"name\":\"Marques et produits\",\"item\":\"https:\/\/www.tempetedelouest.fr\/blog\/marques-et-produits\/\"},{\"@type\":\"ListItem\",\"position\":3,\"name\":\"Le cidre breton\u00a0: des pommes, des bulles et du savoir-faire\u00a0!\"}]},{\"@type\":\"WebSite\",\"@id\":\"https:\/\/www.tempetedelouest.fr\/blog\/#website\",\"url\":\"https:\/\/www.tempetedelouest.fr\/blog\/\",\"name\":\"Le blog de Temp\u00eate de l'Ouest !\",\"description\":\"Un raz de mar\u00e9e d&#039;infos sur la gastronomie bretonne\",\"potentialAction\":[{\"@type\":\"SearchAction\",\"target\":{\"@type\":\"EntryPoint\",\"urlTemplate\":\"https:\/\/www.tempetedelouest.fr\/blog\/?s={search_term_string}\"},\"query-input\":{\"@type\":\"PropertyValueSpecification\",\"valueRequired\":true,\"valueName\":\"search_term_string\"}}],\"inLanguage\":\"fr-FR\"},{\"@type\":\"Person\",\"@id\":\"https:\/\/www.tempetedelouest.fr\/blog\/#\/schema\/person\/503e256587cb6a291c432298d10c8b4d\",\"name\":\"Temp\u00eate de l'Ouest\",\"image\":{\"@type\":\"ImageObject\",\"inLanguage\":\"fr-FR\",\"@id\":\"https:\/\/www.tempetedelouest.fr\/blog\/#\/schema\/person\/image\/\",\"url\":\"https:\/\/secure.gravatar.com\/avatar\/78a8fb5799099ec83ef58895aa2111b9001a891ad5105c35ac6b9ca811f91996?s=96&d=mm&r=g\",\"contentUrl\":\"https:\/\/secure.gravatar.com\/avatar\/78a8fb5799099ec83ef58895aa2111b9001a891ad5105c35ac6b9ca811f91996?s=96&d=mm&r=g\",\"caption\":\"Temp\u00eate de l'Ouest\"},\"sameAs\":[\"https:\/\/www.facebook.com\/TempetedeLouest\/\",\"http:\/\/www.pinterest.com\/tempetedelouest\/\",\"https:\/\/x.com\/TempetedeLouest\"]}]}<\/script>\n<!-- \/ Yoast SEO plugin. -->","yoast_head_json":{"title":"\u21d2 Cidre Breton - Cidre Artisanal de la Distillerie du Gorvello","description":"Sur Temp\u00eate de l'Ouest, nous vous proposons bien sur du cidre ! A boire tr\u00e8s frais avec de bonnes cr\u00eapes, d\u00e9couvrez le cidre de la Distillerie du Gorvello !","robots":{"index":"index","follow":"follow","max-snippet":"max-snippet:-1","max-image-preview":"max-image-preview:large","max-video-preview":"max-video-preview:-1"},"canonical":"https:\/\/www.tempetedelouest.fr\/blog\/cidre-breton-pommes-bulles-du-savoir-faire\/","og_locale":"fr_FR","og_type":"article","og_title":"\u21d2 Cidre Breton - Cidre Artisanal de la Distillerie du Gorvello","og_description":"Sur Temp\u00eate de l'Ouest, nous vous proposons bien sur du cidre ! A boire tr\u00e8s frais avec de bonnes cr\u00eapes, d\u00e9couvrez le cidre de la Distillerie du Gorvello !","og_url":"https:\/\/www.tempetedelouest.fr\/blog\/cidre-breton-pommes-bulles-du-savoir-faire\/","og_site_name":"Le blog de Temp\u00eate de l&#039;Ouest !","article_publisher":"https:\/\/www.facebook.com\/TempetedeLouest","article_author":"https:\/\/www.facebook.com\/TempetedeLouest\/","article_published_time":"2014-11-28T10:01:49+00:00","article_modified_time":"2015-01-29T09:11:42+00:00","og_image":[{"width":640,"height":429,"url":"https:\/\/www.tempetedelouest.fr\/blog\/wp-content\/uploads\/2014\/11\/cidre-breton.jpg","type":"image\/jpeg"}],"author":"Temp\u00eate de l'Ouest","twitter_card":"summary_large_image","twitter_creator":"@TempetedeLouest","twitter_site":"@tempetedelouest","twitter_misc":{"\u00c9crit par":"Temp\u00eate de l'Ouest","Dur\u00e9e de lecture estim\u00e9e":"4 minutes"},"schema":{"@context":"https:\/\/schema.org","@graph":[{"@type":"Article","@id":"https:\/\/www.tempetedelouest.fr\/blog\/cidre-breton-pommes-bulles-du-savoir-faire\/#article","isPartOf":{"@id":"https:\/\/www.tempetedelouest.fr\/blog\/cidre-breton-pommes-bulles-du-savoir-faire\/"},"author":{"name":"Temp\u00eate de l'Ouest","@id":"https:\/\/www.tempetedelouest.fr\/blog\/#\/schema\/person\/503e256587cb6a291c432298d10c8b4d"},"headline":"Le cidre breton\u00a0: des pommes, des bulles et du savoir-faire\u00a0!","datePublished":"2014-11-28T10:01:49+00:00","dateModified":"2015-01-29T09:11:42+00:00","mainEntityOfPage":{"@id":"https:\/\/www.tempetedelouest.fr\/blog\/cidre-breton-pommes-bulles-du-savoir-faire\/"},"wordCount":741,"commentCount":0,"image":{"@id":"https:\/\/www.tempetedelouest.fr\/blog\/cidre-breton-pommes-bulles-du-savoir-faire\/#primaryimage"},"thumbnailUrl":"https:\/\/www.tempetedelouest.fr\/blog\/wp-content\/uploads\/2014\/11\/cidre-breton.jpg","articleSection":["Marques et produits"],"inLanguage":"fr-FR","potentialAction":[{"@type":"CommentAction","name":"Comment","target":["https:\/\/www.tempetedelouest.fr\/blog\/cidre-breton-pommes-bulles-du-savoir-faire\/#respond"]}]},{"@type":"WebPage","@id":"https:\/\/www.tempetedelouest.fr\/blog\/cidre-breton-pommes-bulles-du-savoir-faire\/","url":"https:\/\/www.tempetedelouest.fr\/blog\/cidre-breton-pommes-bulles-du-savoir-faire\/","name":"\u21d2 Cidre Breton - Cidre Artisanal de la Distillerie du Gorvello","isPartOf":{"@id":"https:\/\/www.tempetedelouest.fr\/blog\/#website"},"primaryImageOfPage":{"@id":"https:\/\/www.tempetedelouest.fr\/blog\/cidre-breton-pommes-bulles-du-savoir-faire\/#primaryimage"},"image":{"@id":"https:\/\/www.tempetedelouest.fr\/blog\/cidre-breton-pommes-bulles-du-savoir-faire\/#primaryimage"},"thumbnailUrl":"https:\/\/www.tempetedelouest.fr\/blog\/wp-content\/uploads\/2014\/11\/cidre-breton.jpg","datePublished":"2014-11-28T10:01:49+00:00","dateModified":"2015-01-29T09:11:42+00:00","author":{"@id":"https:\/\/www.tempetedelouest.fr\/blog\/#\/schema\/person\/503e256587cb6a291c432298d10c8b4d"},"description":"Sur Temp\u00eate de l'Ouest, nous vous proposons bien sur du cidre ! A boire tr\u00e8s frais avec de bonnes cr\u00eapes, d\u00e9couvrez le cidre de la Distillerie du Gorvello !","breadcrumb":{"@id":"https:\/\/www.tempetedelouest.fr\/blog\/cidre-breton-pommes-bulles-du-savoir-faire\/#breadcrumb"},"inLanguage":"fr-FR","potentialAction":[{"@type":"ReadAction","target":["https:\/\/www.tempetedelouest.fr\/blog\/cidre-breton-pommes-bulles-du-savoir-faire\/"]}]},{"@type":"ImageObject","inLanguage":"fr-FR","@id":"https:\/\/www.tempetedelouest.fr\/blog\/cidre-breton-pommes-bulles-du-savoir-faire\/#primaryimage","url":"https:\/\/www.tempetedelouest.fr\/blog\/wp-content\/uploads\/2014\/11\/cidre-breton.jpg","contentUrl":"https:\/\/www.tempetedelouest.fr\/blog\/wp-content\/uploads\/2014\/11\/cidre-breton.jpg","width":640,"height":429,"caption":"Cr\u00e9dits : Flickr"},{"@type":"BreadcrumbList","@id":"https:\/\/www.tempetedelouest.fr\/blog\/cidre-breton-pommes-bulles-du-savoir-faire\/#breadcrumb","itemListElement":[{"@type":"ListItem","position":1,"name":"Accueil","item":"https:\/\/www.tempetedelouest.fr\/blog\/"},{"@type":"ListItem","position":2,"name":"Marques et produits","item":"https:\/\/www.tempetedelouest.fr\/blog\/marques-et-produits\/"},{"@type":"ListItem","position":3,"name":"Le cidre breton\u00a0: des pommes, des bulles et du savoir-faire\u00a0!"}]},{"@type":"WebSite","@id":"https:\/\/www.tempetedelouest.fr\/blog\/#website","url":"https:\/\/www.tempetedelouest.fr\/blog\/","name":"Le blog de Temp\u00eate de l'Ouest !","description":"Un raz de mar\u00e9e d&#039;infos sur la gastronomie bretonne","potentialAction":[{"@type":"SearchAction","target":{"@type":"EntryPoint","urlTemplate":"https:\/\/www.tempetedelouest.fr\/blog\/?s={search_term_string}"},"query-input":{"@type":"PropertyValueSpecification","valueRequired":true,"valueName":"search_term_string"}}],"inLanguage":"fr-FR"},{"@type":"Person","@id":"https:\/\/www.tempetedelouest.fr\/blog\/#\/schema\/person\/503e256587cb6a291c432298d10c8b4d","name":"Temp\u00eate de l'Ouest","image":{"@type":"ImageObject","inLanguage":"fr-FR","@id":"https:\/\/www.tempetedelouest.fr\/blog\/#\/schema\/person\/image\/","url":"https:\/\/secure.gravatar.com\/avatar\/78a8fb5799099ec83ef58895aa2111b9001a891ad5105c35ac6b9ca811f91996?s=96&d=mm&r=g","contentUrl":"https:\/\/secure.gravatar.com\/avatar\/78a8fb5799099ec83ef58895aa2111b9001a891ad5105c35ac6b9ca811f91996?s=96&d=mm&r=g","caption":"Temp\u00eate de l'Ouest"},"sameAs":["https:\/\/www.facebook.com\/TempetedeLouest\/","http:\/\/www.pinterest.com\/tempetedelouest\/","https:\/\/x.com\/TempetedeLouest"]}]}},"_links":{"self":[{"href":"https:\/\/www.tempetedelouest.fr\/blog\/wp-json\/wp\/v2\/posts\/1202","targetHints":{"allow":["GET"]}}],"collection":[{"href":"https:\/\/www.tempetedelouest.fr\/blog\/wp-json\/wp\/v2\/posts"}],"about":[{"href":"https:\/\/www.tempetedelouest.fr\/blog\/wp-json\/wp\/v2\/types\/post"}],"author":[{"embeddable":true,"href":"https:\/\/www.tempetedelouest.fr\/blog\/wp-json\/wp\/v2\/users\/1"}],"replies":[{"embeddable":true,"href":"https:\/\/www.tempetedelouest.fr\/blog\/wp-json\/wp\/v2\/comments?post=1202"}],"version-history":[{"count":0,"href":"https:\/\/www.tempetedelouest.fr\/blog\/wp-json\/wp\/v2\/posts\/1202\/revisions"}],"wp:featuredmedia":[{"embeddable":true,"href":"https:\/\/www.tempetedelouest.fr\/blog\/wp-json\/wp\/v2\/media\/1212"}],"wp:attachment":[{"href":"https:\/\/www.tempetedelouest.fr\/blog\/wp-json\/wp\/v2\/media?parent=1202"}],"wp:term":[{"taxonomy":"category","embeddable":true,"href":"https:\/\/www.tempetedelouest.fr\/blog\/wp-json\/wp\/v2\/categories?post=1202"},{"taxonomy":"post_tag","embeddable":true,"href":"https:\/\/www.tempetedelouest.fr\/blog\/wp-json\/wp\/v2\/tags?post=1202"}],"curies":[{"name":"wp","href":"https:\/\/api.w.org\/{rel}","templated":true}]}}