{"id":1181,"date":"2014-11-25T15:02:28","date_gmt":"2014-11-25T14:02:28","guid":{"rendered":"https:\/\/www.tempetedelouest.fr\/blog\/?p=1181"},"modified":"2014-11-27T16:06:28","modified_gmt":"2014-11-27T15:06:28","slug":"toasts-foie-gras-confit-oignons-roscoff-epice","status":"publish","type":"post","link":"https:\/\/www.tempetedelouest.fr\/blog\/toasts-foie-gras-confit-oignons-roscoff-epice\/","title":{"rendered":"Toasts au foie gras et confit d&rsquo;oignons de Roscoff sur pain d&rsquo;\u00e9pice"},"content":{"rendered":"<div class=\"hrecipe\">\n<p><a href=\"https:\/\/www.tempetedelouest.fr\/blog\/wp-content\/uploads\/2014\/11\/pain-epices-foie-gras.jpg\"><img loading=\"lazy\" decoding=\"async\" class=\"aligncenter size-full wp-image-1183\" src=\"https:\/\/www.tempetedelouest.fr\/blog\/wp-content\/uploads\/2014\/11\/pain-epices-foie-gras.jpg\" alt=\"pain-epices-foie-gras\" width=\"800\" height=\"533\" srcset=\"https:\/\/www.tempetedelouest.fr\/blog\/wp-content\/uploads\/2014\/11\/pain-epices-foie-gras.jpg 800w, https:\/\/www.tempetedelouest.fr\/blog\/wp-content\/uploads\/2014\/11\/pain-epices-foie-gras-300x199.jpg 300w\" sizes=\"auto, (max-width: 800px) 100vw, 800px\" \/><\/a><\/p>\n<p style=\"text-align:justify;\">Humm le foie gras&#8230; Voil\u00e0 un produit qui en fera saliver plus d&rsquo;un(e), n&rsquo;est-ce pas ?! Encore un peu de patience, les f\u00eates arrivent ! On l&rsquo;adore car c&rsquo;est LE produit embl\u00e9matique de No\u00ebl que l&rsquo;on consomme rarement pendant l&rsquo;ann\u00e9e mais que l&rsquo;on se fait un plaisir de d\u00e9guster le r\u00e9veillon venu. Et cette ann\u00e9e, j&rsquo;ai envie d&rsquo;innover et de change des canap\u00e9s classiques : je vous propose donc une petite suggestion et de tester votre d\u00e9gustation de foie gras sur du pain d&rsquo;\u00e9pices accompagn\u00e9 de confit d&rsquo;oignons de Roscoff pour un m\u00e9lange subtilement sucr\u00e9\/sal\u00e9 \u00e0 tomber&#8230;<\/p>\n<div style=\"clear: both;\"><\/div>\n<p>&nbsp;<\/p>\n<div id=\"recette\" style=\"border: 1px dashed #C4C8E6;\">\n<div class=\"recipe-meta\">\n<p class=\"fn\" style=\"text-align: center;\">Recette des toasts de pain d&rsquo;\u00e9pice foie gras et confit<\/p>\n<ul>\n<li class=\"duration\"><strong>PR\u00c9PARATION:<\/strong> <span class=\"value-title\" title=\"PT15M\">15 mn<\/span><\/li>\n<li><strong>NOMBRE:<\/strong> <span class=\"yield\">4 personnes<\/span><\/li>\n<li class=\"note\"><strong>NOTE:<\/strong> <span id=\"post-ratings-1181\" class=\"post-ratings\" data-nonce=\"860f3455cd\"><span class=\"review hreview-aggregate\"><span class=\"rating\"><img decoding=\"async\" id=\"rating_1181_1\" src=\"https:\/\/www.tempetedelouest.fr\/blog\/wp-content\/plugins\/wp-postratings\/images\/stars_crystal\/rating_on.gif\" alt=\"1 \u00e9toile\" title=\"1 \u00e9toile\" onmouseover=\"current_rating(1181, 1, '1 \u00e9toile');\" onmouseout=\"ratings_off(4.2, 0, 0);\" onclick=\"rate_post();\" onkeypress=\"rate_post();\" style=\"cursor: pointer; border: 0px;\" \/><img decoding=\"async\" id=\"rating_1181_2\" src=\"https:\/\/www.tempetedelouest.fr\/blog\/wp-content\/plugins\/wp-postratings\/images\/stars_crystal\/rating_on.gif\" alt=\"2 \u00e9toiles\" title=\"2 \u00e9toiles\" onmouseover=\"current_rating(1181, 2, '2 \u00e9toiles');\" onmouseout=\"ratings_off(4.2, 0, 0);\" onclick=\"rate_post();\" onkeypress=\"rate_post();\" style=\"cursor: pointer; border: 0px;\" \/><img decoding=\"async\" id=\"rating_1181_3\" src=\"https:\/\/www.tempetedelouest.fr\/blog\/wp-content\/plugins\/wp-postratings\/images\/stars_crystal\/rating_on.gif\" alt=\"3 \u00e9toiles\" title=\"3 \u00e9toiles\" onmouseover=\"current_rating(1181, 3, '3 \u00e9toiles');\" onmouseout=\"ratings_off(4.2, 0, 0);\" onclick=\"rate_post();\" onkeypress=\"rate_post();\" style=\"cursor: pointer; border: 0px;\" \/><img decoding=\"async\" id=\"rating_1181_4\" src=\"https:\/\/www.tempetedelouest.fr\/blog\/wp-content\/plugins\/wp-postratings\/images\/stars_crystal\/rating_on.gif\" alt=\"4 \u00e9toiles\" title=\"4 \u00e9toiles\" onmouseover=\"current_rating(1181, 4, '4 \u00e9toiles');\" onmouseout=\"ratings_off(4.2, 0, 0);\" onclick=\"rate_post();\" onkeypress=\"rate_post();\" style=\"cursor: pointer; border: 0px;\" \/><img decoding=\"async\" id=\"rating_1181_5\" src=\"https:\/\/www.tempetedelouest.fr\/blog\/wp-content\/plugins\/wp-postratings\/images\/stars_crystal\/rating_off.gif\" alt=\"5 \u00e9toiles\" title=\"5 \u00e9toiles\" onmouseover=\"current_rating(1181, 5, '5 \u00e9toiles');\" onmouseout=\"ratings_off(4.2, 0, 0);\" onclick=\"rate_post();\" onkeypress=\"rate_post();\" style=\"cursor: pointer; border: 0px;\" \/> <span class=\"count\">6<\/span>  votes | moyenne: <span class=\"average\">4,17<\/span>  sur 5 <span class=\"post-ratings-text\" id=\"ratings_1181_text\"><\/span>\r\n<\/span><\/span><\/span><span id=\"post-ratings-1181-loading\" class=\"post-ratings-loading\"><img loading=\"lazy\" decoding=\"async\" src=\"https:\/\/www.tempetedelouest.fr\/blog\/wp-content\/plugins\/wp-postratings\/images\/loading.gif\" width=\"16\" height=\"16\" class=\"post-ratings-image\" \/>Loading...<\/span><\/li>\n<\/ul>\n<\/div>\n<div id=\"contenu-recette\" style=\"padding: 5px;\">\n<div class=\"produits-complementaires\">\n<h2>Pour cuisiner cette recette :<\/h2>\n<p><a href=\"https:\/\/www.tempetedelouest.fr\/produit\/foie-gras-canard-entier-bretagne-120g\/\" target=\"_blank\"><img loading=\"lazy\" decoding=\"async\" class=\"aligncenter size-full wp-image-1091\" src=\"https:\/\/www.tempetedelouest.fr\/blog\/wp-content\/uploads\/2014\/10\/foie-gras.png\" alt=\"foie-gras\" width=\"230\" height=\"164\" \/><\/a>Foie gras de canard \u00e0 la Fine Bretagne<br \/>\n<em>\u00ab\u00a0<a title=\"pat\u00e9s et rillettes secrets de famille\" href=\"https:\/\/www.tempetedelouest.fr\/02\/secrets-de-famille\/\" target=\"_blank\">Secrets de Famille<\/a>\u00ab\u00a0<\/em><br \/>\n<a class=\"voir-produit\" href=\"https:\/\/www.tempetedelouest.fr\/produit\/foie-gras-canard-entier-bretagne-120g\/\" target=\"_blank\">Voir le produit<\/a><\/p>\n<p><a href=\"https:\/\/www.tempetedelouest.fr\/produit\/confit-oignons-roscoff-aop-90g\/\" target=\"_blank\"><img loading=\"lazy\" decoding=\"async\" class=\"aligncenter size-full wp-image-1182\" src=\"https:\/\/www.tempetedelouest.fr\/blog\/wp-content\/uploads\/2014\/11\/confit-oignons-roscoff.png\" alt=\"confit-oignons-roscoff\" width=\"230\" height=\"164\" \/><\/a>Confit d&rsquo;oignon de Roscoff<br \/>\n<em>\u00ab\u00a0<a title=\"conserverie la chikolodenn\" href=\"https:\/\/www.tempetedelouest.fr\/02\/la-chikolodenn\/\" target=\"_blank\">La Chikolodenn<\/a>\u00ab\u00a0<\/em><br \/>\n<a class=\"voir-produit\" href=\"https:\/\/www.tempetedelouest.fr\/produit\/confit-oignons-roscoff-aop-90g\/\" target=\"_blank\">Voir le produit<\/a><\/p>\n<\/div>\n<p>&nbsp;<\/p>\n<h2>Ingredients<\/h2>\n<ul>\n<li class=\"ingredient\"><span class=\"amount\">4 tranches<\/span> de <span class=\"name\">pain d&rsquo;\u00e9pices<\/span><\/li>\n<li class=\"ingredient\"><span class=\"amount\">120 g<\/span> de <span class=\"name\">foie gras de canard<\/span><\/li>\n<li class=\"ingredient\"><span class=\"amount\">2 \u00e0 3 cuill\u00e8res<\/span> de <a title=\"confit oignons de roscoff\" href=\"https:\/\/www.tempetedelouest.fr\/produit\/confit-oignons-roscoff-aop-90g\/\" target=\"_blank\"><span class=\"name\">confit d&rsquo;oignons de Roscoff<\/span><\/a><\/li>\n<\/ul>\n<p>&nbsp;<\/p>\n<p>&nbsp;<\/p>\n<h2>Etapes :<\/h2>\n<div align=\"justify\">\n<ul>\n<li class=\"instruction\">D\u00e9coupez des tranches de pain d&rsquo;\u00e9pice que vous mettrez \u00e0 toaster quelques instants dans le grille-pain.<\/li>\n<li class=\"instruction\">Posez une tranche de foie gras sur le pain grill\u00e9 et encore un peu chaud.<\/li>\n<li class=\"instruction\">Saupoudrez de baies roses pour apporter du pep&rsquo;s et de la couleur.<\/li>\n<li class=\"instruction\">Servez avec une petite cuill\u00e8re de confit d&rsquo;oignons de Roscoff.<\/li>\n<li class=\"instruction\">A d\u00e9guster encore ti\u00e8des et encore croustillants, un d\u00e9lice !<\/li>\n<\/ul>\n<div style=\"clear: both;\"><\/div>\n<\/div>\n<\/div>\n<\/div>\n<\/div>\n","protected":false},"excerpt":{"rendered":"<p>Humm le foie gras&#8230; Voil\u00e0 un produit qui en fera saliver plus d&rsquo;un(e), n&rsquo;est-ce pas ?! Encore un peu de patience, les f\u00eates arrivent ! On l&rsquo;adore car c&rsquo;est LE produit embl\u00e9matique de No\u00ebl que l&rsquo;on consomme rarement pendant l&rsquo;ann\u00e9e mais que l&rsquo;on se fait un plaisir de d\u00e9guster le r\u00e9veillon venu. Et cette ann\u00e9e, [&#8230;]\n","protected":false},"author":1,"featured_media":1183,"comment_status":"open","ping_status":"open","sticky":false,"template":"","format":"standard","meta":{"footnotes":""},"categories":[5],"tags":[10],"class_list":["post-1181","post","type-post","status-publish","format-standard","has-post-thumbnail","hentry","category-recettes-a-croquer","tag-recettes-de-fetes"],"yoast_head":"<!-- This site is optimized with the Yoast SEO plugin v27.1.1 - https:\/\/yoast.com\/product\/yoast-seo-wordpress\/ -->\n<title>\u21d2 Toasts Foie gras, Confit d&#039;oignons de Roscoff et Pain d&#039;\u00e9pice<\/title>\n<meta name=\"description\" content=\"Une recette festive et simple \u00e0 r\u00e9aliser avec des Toasts au foie gras et confit d&#039;oignons de Roscoff sur pain d&#039;\u00e9pice. A d\u00e9couvrir sur le blog Temp\u00eate de l&#039;Ouest.\" \/>\n<meta name=\"robots\" content=\"index, follow, max-snippet:-1, max-image-preview:large, max-video-preview:-1\" \/>\n<link rel=\"canonical\" href=\"https:\/\/www.tempetedelouest.fr\/blog\/toasts-foie-gras-confit-oignons-roscoff-epice\/\" \/>\n<meta property=\"og:locale\" content=\"fr_FR\" \/>\n<meta property=\"og:type\" content=\"article\" \/>\n<meta property=\"og:title\" content=\"\u21d2 Toasts Foie gras, Confit d&#039;oignons de Roscoff et Pain d&#039;\u00e9pice\" \/>\n<meta property=\"og:description\" content=\"Une recette festive et simple \u00e0 r\u00e9aliser avec des Toasts au foie gras et confit d&#039;oignons de Roscoff sur pain d&#039;\u00e9pice. A d\u00e9couvrir sur le blog Temp\u00eate de l&#039;Ouest.\" \/>\n<meta property=\"og:url\" content=\"https:\/\/www.tempetedelouest.fr\/blog\/toasts-foie-gras-confit-oignons-roscoff-epice\/\" \/>\n<meta property=\"og:site_name\" content=\"Le blog de Temp\u00eate de l&#039;Ouest !\" \/>\n<meta property=\"article:publisher\" content=\"https:\/\/www.facebook.com\/TempetedeLouest\" \/>\n<meta property=\"article:author\" content=\"https:\/\/www.facebook.com\/TempetedeLouest\/\" \/>\n<meta property=\"article:published_time\" content=\"2014-11-25T14:02:28+00:00\" \/>\n<meta property=\"article:modified_time\" content=\"2014-11-27T15:06:28+00:00\" \/>\n<meta property=\"og:image\" content=\"https:\/\/www.tempetedelouest.fr\/blog\/wp-content\/uploads\/2014\/11\/pain-epices-foie-gras.jpg\" \/>\n\t<meta property=\"og:image:width\" content=\"800\" \/>\n\t<meta property=\"og:image:height\" content=\"533\" \/>\n\t<meta property=\"og:image:type\" content=\"image\/jpeg\" \/>\n<meta name=\"author\" content=\"Temp\u00eate de l&#039;Ouest\" \/>\n<meta name=\"twitter:card\" content=\"summary_large_image\" \/>\n<meta name=\"twitter:creator\" content=\"@TempetedeLouest\" \/>\n<meta name=\"twitter:site\" content=\"@tempetedelouest\" \/>\n<meta name=\"twitter:label1\" content=\"\u00c9crit par\" \/>\n\t<meta name=\"twitter:data1\" content=\"Temp\u00eate de l&#039;Ouest\" \/>\n\t<meta name=\"twitter:label2\" content=\"Dur\u00e9e de lecture estim\u00e9e\" \/>\n\t<meta name=\"twitter:data2\" content=\"1 minute\" \/>\n<script type=\"application\/ld+json\" class=\"yoast-schema-graph\">{\"@context\":\"https:\/\/schema.org\",\"@graph\":[{\"@type\":\"Article\",\"@id\":\"https:\/\/www.tempetedelouest.fr\/blog\/toasts-foie-gras-confit-oignons-roscoff-epice\/#article\",\"isPartOf\":{\"@id\":\"https:\/\/www.tempetedelouest.fr\/blog\/toasts-foie-gras-confit-oignons-roscoff-epice\/\"},\"author\":{\"name\":\"Temp\u00eate de l'Ouest\",\"@id\":\"https:\/\/www.tempetedelouest.fr\/blog\/#\/schema\/person\/503e256587cb6a291c432298d10c8b4d\"},\"headline\":\"Toasts au foie gras et confit d&rsquo;oignons de Roscoff sur pain d&rsquo;\u00e9pice\",\"datePublished\":\"2014-11-25T14:02:28+00:00\",\"dateModified\":\"2014-11-27T15:06:28+00:00\",\"mainEntityOfPage\":{\"@id\":\"https:\/\/www.tempetedelouest.fr\/blog\/toasts-foie-gras-confit-oignons-roscoff-epice\/\"},\"wordCount\":269,\"commentCount\":0,\"image\":{\"@id\":\"https:\/\/www.tempetedelouest.fr\/blog\/toasts-foie-gras-confit-oignons-roscoff-epice\/#primaryimage\"},\"thumbnailUrl\":\"https:\/\/www.tempetedelouest.fr\/blog\/wp-content\/uploads\/2014\/11\/pain-epices-foie-gras.jpg\",\"keywords\":[\"Recettes de f\u00eates\"],\"articleSection\":[\"Recettes \u00e0 croquer\"],\"inLanguage\":\"fr-FR\",\"potentialAction\":[{\"@type\":\"CommentAction\",\"name\":\"Comment\",\"target\":[\"https:\/\/www.tempetedelouest.fr\/blog\/toasts-foie-gras-confit-oignons-roscoff-epice\/#respond\"]}]},{\"@type\":\"WebPage\",\"@id\":\"https:\/\/www.tempetedelouest.fr\/blog\/toasts-foie-gras-confit-oignons-roscoff-epice\/\",\"url\":\"https:\/\/www.tempetedelouest.fr\/blog\/toasts-foie-gras-confit-oignons-roscoff-epice\/\",\"name\":\"\u21d2 Toasts Foie gras, Confit d'oignons de Roscoff et Pain d'\u00e9pice\",\"isPartOf\":{\"@id\":\"https:\/\/www.tempetedelouest.fr\/blog\/#website\"},\"primaryImageOfPage\":{\"@id\":\"https:\/\/www.tempetedelouest.fr\/blog\/toasts-foie-gras-confit-oignons-roscoff-epice\/#primaryimage\"},\"image\":{\"@id\":\"https:\/\/www.tempetedelouest.fr\/blog\/toasts-foie-gras-confit-oignons-roscoff-epice\/#primaryimage\"},\"thumbnailUrl\":\"https:\/\/www.tempetedelouest.fr\/blog\/wp-content\/uploads\/2014\/11\/pain-epices-foie-gras.jpg\",\"datePublished\":\"2014-11-25T14:02:28+00:00\",\"dateModified\":\"2014-11-27T15:06:28+00:00\",\"author\":{\"@id\":\"https:\/\/www.tempetedelouest.fr\/blog\/#\/schema\/person\/503e256587cb6a291c432298d10c8b4d\"},\"description\":\"Une recette festive et simple \u00e0 r\u00e9aliser avec des Toasts au foie gras et confit d'oignons de Roscoff sur pain d'\u00e9pice. A d\u00e9couvrir sur le blog Temp\u00eate de l'Ouest.\",\"breadcrumb\":{\"@id\":\"https:\/\/www.tempetedelouest.fr\/blog\/toasts-foie-gras-confit-oignons-roscoff-epice\/#breadcrumb\"},\"inLanguage\":\"fr-FR\",\"potentialAction\":[{\"@type\":\"ReadAction\",\"target\":[\"https:\/\/www.tempetedelouest.fr\/blog\/toasts-foie-gras-confit-oignons-roscoff-epice\/\"]}]},{\"@type\":\"ImageObject\",\"inLanguage\":\"fr-FR\",\"@id\":\"https:\/\/www.tempetedelouest.fr\/blog\/toasts-foie-gras-confit-oignons-roscoff-epice\/#primaryimage\",\"url\":\"https:\/\/www.tempetedelouest.fr\/blog\/wp-content\/uploads\/2014\/11\/pain-epices-foie-gras.jpg\",\"contentUrl\":\"https:\/\/www.tempetedelouest.fr\/blog\/wp-content\/uploads\/2014\/11\/pain-epices-foie-gras.jpg\",\"width\":800,\"height\":533},{\"@type\":\"BreadcrumbList\",\"@id\":\"https:\/\/www.tempetedelouest.fr\/blog\/toasts-foie-gras-confit-oignons-roscoff-epice\/#breadcrumb\",\"itemListElement\":[{\"@type\":\"ListItem\",\"position\":1,\"name\":\"Accueil\",\"item\":\"https:\/\/www.tempetedelouest.fr\/blog\/\"},{\"@type\":\"ListItem\",\"position\":2,\"name\":\"Recettes \u00e0 croquer\",\"item\":\"https:\/\/www.tempetedelouest.fr\/blog\/recettes-a-croquer\/\"},{\"@type\":\"ListItem\",\"position\":3,\"name\":\"Toasts au foie gras et confit d&rsquo;oignons de Roscoff sur pain d&rsquo;\u00e9pice\"}]},{\"@type\":\"WebSite\",\"@id\":\"https:\/\/www.tempetedelouest.fr\/blog\/#website\",\"url\":\"https:\/\/www.tempetedelouest.fr\/blog\/\",\"name\":\"Le blog de Temp\u00eate de l'Ouest !\",\"description\":\"Un raz de mar\u00e9e d&#039;infos sur la gastronomie bretonne\",\"potentialAction\":[{\"@type\":\"SearchAction\",\"target\":{\"@type\":\"EntryPoint\",\"urlTemplate\":\"https:\/\/www.tempetedelouest.fr\/blog\/?s={search_term_string}\"},\"query-input\":{\"@type\":\"PropertyValueSpecification\",\"valueRequired\":true,\"valueName\":\"search_term_string\"}}],\"inLanguage\":\"fr-FR\"},{\"@type\":\"Person\",\"@id\":\"https:\/\/www.tempetedelouest.fr\/blog\/#\/schema\/person\/503e256587cb6a291c432298d10c8b4d\",\"name\":\"Temp\u00eate de l'Ouest\",\"image\":{\"@type\":\"ImageObject\",\"inLanguage\":\"fr-FR\",\"@id\":\"https:\/\/www.tempetedelouest.fr\/blog\/#\/schema\/person\/image\/\",\"url\":\"https:\/\/secure.gravatar.com\/avatar\/78a8fb5799099ec83ef58895aa2111b9001a891ad5105c35ac6b9ca811f91996?s=96&d=mm&r=g\",\"contentUrl\":\"https:\/\/secure.gravatar.com\/avatar\/78a8fb5799099ec83ef58895aa2111b9001a891ad5105c35ac6b9ca811f91996?s=96&d=mm&r=g\",\"caption\":\"Temp\u00eate de l'Ouest\"},\"sameAs\":[\"https:\/\/www.facebook.com\/TempetedeLouest\/\",\"http:\/\/www.pinterest.com\/tempetedelouest\/\",\"https:\/\/x.com\/TempetedeLouest\"]}]}<\/script>\n<!-- \/ Yoast SEO plugin. -->","yoast_head_json":{"title":"\u21d2 Toasts Foie gras, Confit d'oignons de Roscoff et Pain d'\u00e9pice","description":"Une recette festive et simple \u00e0 r\u00e9aliser avec des Toasts au foie gras et confit d'oignons de Roscoff sur pain d'\u00e9pice. A d\u00e9couvrir sur le blog Temp\u00eate de l'Ouest.","robots":{"index":"index","follow":"follow","max-snippet":"max-snippet:-1","max-image-preview":"max-image-preview:large","max-video-preview":"max-video-preview:-1"},"canonical":"https:\/\/www.tempetedelouest.fr\/blog\/toasts-foie-gras-confit-oignons-roscoff-epice\/","og_locale":"fr_FR","og_type":"article","og_title":"\u21d2 Toasts Foie gras, Confit d'oignons de Roscoff et Pain d'\u00e9pice","og_description":"Une recette festive et simple \u00e0 r\u00e9aliser avec des Toasts au foie gras et confit d'oignons de Roscoff sur pain d'\u00e9pice. A d\u00e9couvrir sur le blog Temp\u00eate de l'Ouest.","og_url":"https:\/\/www.tempetedelouest.fr\/blog\/toasts-foie-gras-confit-oignons-roscoff-epice\/","og_site_name":"Le blog de Temp\u00eate de l&#039;Ouest !","article_publisher":"https:\/\/www.facebook.com\/TempetedeLouest","article_author":"https:\/\/www.facebook.com\/TempetedeLouest\/","article_published_time":"2014-11-25T14:02:28+00:00","article_modified_time":"2014-11-27T15:06:28+00:00","og_image":[{"width":800,"height":533,"url":"https:\/\/www.tempetedelouest.fr\/blog\/wp-content\/uploads\/2014\/11\/pain-epices-foie-gras.jpg","type":"image\/jpeg"}],"author":"Temp\u00eate de l'Ouest","twitter_card":"summary_large_image","twitter_creator":"@TempetedeLouest","twitter_site":"@tempetedelouest","twitter_misc":{"\u00c9crit par":"Temp\u00eate de l'Ouest","Dur\u00e9e de lecture estim\u00e9e":"1 minute"},"schema":{"@context":"https:\/\/schema.org","@graph":[{"@type":"Article","@id":"https:\/\/www.tempetedelouest.fr\/blog\/toasts-foie-gras-confit-oignons-roscoff-epice\/#article","isPartOf":{"@id":"https:\/\/www.tempetedelouest.fr\/blog\/toasts-foie-gras-confit-oignons-roscoff-epice\/"},"author":{"name":"Temp\u00eate de l'Ouest","@id":"https:\/\/www.tempetedelouest.fr\/blog\/#\/schema\/person\/503e256587cb6a291c432298d10c8b4d"},"headline":"Toasts au foie gras et confit d&rsquo;oignons de Roscoff sur pain d&rsquo;\u00e9pice","datePublished":"2014-11-25T14:02:28+00:00","dateModified":"2014-11-27T15:06:28+00:00","mainEntityOfPage":{"@id":"https:\/\/www.tempetedelouest.fr\/blog\/toasts-foie-gras-confit-oignons-roscoff-epice\/"},"wordCount":269,"commentCount":0,"image":{"@id":"https:\/\/www.tempetedelouest.fr\/blog\/toasts-foie-gras-confit-oignons-roscoff-epice\/#primaryimage"},"thumbnailUrl":"https:\/\/www.tempetedelouest.fr\/blog\/wp-content\/uploads\/2014\/11\/pain-epices-foie-gras.jpg","keywords":["Recettes de f\u00eates"],"articleSection":["Recettes \u00e0 croquer"],"inLanguage":"fr-FR","potentialAction":[{"@type":"CommentAction","name":"Comment","target":["https:\/\/www.tempetedelouest.fr\/blog\/toasts-foie-gras-confit-oignons-roscoff-epice\/#respond"]}]},{"@type":"WebPage","@id":"https:\/\/www.tempetedelouest.fr\/blog\/toasts-foie-gras-confit-oignons-roscoff-epice\/","url":"https:\/\/www.tempetedelouest.fr\/blog\/toasts-foie-gras-confit-oignons-roscoff-epice\/","name":"\u21d2 Toasts Foie gras, Confit d'oignons de Roscoff et Pain d'\u00e9pice","isPartOf":{"@id":"https:\/\/www.tempetedelouest.fr\/blog\/#website"},"primaryImageOfPage":{"@id":"https:\/\/www.tempetedelouest.fr\/blog\/toasts-foie-gras-confit-oignons-roscoff-epice\/#primaryimage"},"image":{"@id":"https:\/\/www.tempetedelouest.fr\/blog\/toasts-foie-gras-confit-oignons-roscoff-epice\/#primaryimage"},"thumbnailUrl":"https:\/\/www.tempetedelouest.fr\/blog\/wp-content\/uploads\/2014\/11\/pain-epices-foie-gras.jpg","datePublished":"2014-11-25T14:02:28+00:00","dateModified":"2014-11-27T15:06:28+00:00","author":{"@id":"https:\/\/www.tempetedelouest.fr\/blog\/#\/schema\/person\/503e256587cb6a291c432298d10c8b4d"},"description":"Une recette festive et simple \u00e0 r\u00e9aliser avec des Toasts au foie gras et confit d'oignons de Roscoff sur pain d'\u00e9pice. A d\u00e9couvrir sur le blog Temp\u00eate de l'Ouest.","breadcrumb":{"@id":"https:\/\/www.tempetedelouest.fr\/blog\/toasts-foie-gras-confit-oignons-roscoff-epice\/#breadcrumb"},"inLanguage":"fr-FR","potentialAction":[{"@type":"ReadAction","target":["https:\/\/www.tempetedelouest.fr\/blog\/toasts-foie-gras-confit-oignons-roscoff-epice\/"]}]},{"@type":"ImageObject","inLanguage":"fr-FR","@id":"https:\/\/www.tempetedelouest.fr\/blog\/toasts-foie-gras-confit-oignons-roscoff-epice\/#primaryimage","url":"https:\/\/www.tempetedelouest.fr\/blog\/wp-content\/uploads\/2014\/11\/pain-epices-foie-gras.jpg","contentUrl":"https:\/\/www.tempetedelouest.fr\/blog\/wp-content\/uploads\/2014\/11\/pain-epices-foie-gras.jpg","width":800,"height":533},{"@type":"BreadcrumbList","@id":"https:\/\/www.tempetedelouest.fr\/blog\/toasts-foie-gras-confit-oignons-roscoff-epice\/#breadcrumb","itemListElement":[{"@type":"ListItem","position":1,"name":"Accueil","item":"https:\/\/www.tempetedelouest.fr\/blog\/"},{"@type":"ListItem","position":2,"name":"Recettes \u00e0 croquer","item":"https:\/\/www.tempetedelouest.fr\/blog\/recettes-a-croquer\/"},{"@type":"ListItem","position":3,"name":"Toasts au foie gras et confit d&rsquo;oignons de Roscoff sur pain d&rsquo;\u00e9pice"}]},{"@type":"WebSite","@id":"https:\/\/www.tempetedelouest.fr\/blog\/#website","url":"https:\/\/www.tempetedelouest.fr\/blog\/","name":"Le blog de Temp\u00eate de l'Ouest !","description":"Un raz de mar\u00e9e d&#039;infos sur la gastronomie bretonne","potentialAction":[{"@type":"SearchAction","target":{"@type":"EntryPoint","urlTemplate":"https:\/\/www.tempetedelouest.fr\/blog\/?s={search_term_string}"},"query-input":{"@type":"PropertyValueSpecification","valueRequired":true,"valueName":"search_term_string"}}],"inLanguage":"fr-FR"},{"@type":"Person","@id":"https:\/\/www.tempetedelouest.fr\/blog\/#\/schema\/person\/503e256587cb6a291c432298d10c8b4d","name":"Temp\u00eate de l'Ouest","image":{"@type":"ImageObject","inLanguage":"fr-FR","@id":"https:\/\/www.tempetedelouest.fr\/blog\/#\/schema\/person\/image\/","url":"https:\/\/secure.gravatar.com\/avatar\/78a8fb5799099ec83ef58895aa2111b9001a891ad5105c35ac6b9ca811f91996?s=96&d=mm&r=g","contentUrl":"https:\/\/secure.gravatar.com\/avatar\/78a8fb5799099ec83ef58895aa2111b9001a891ad5105c35ac6b9ca811f91996?s=96&d=mm&r=g","caption":"Temp\u00eate de l'Ouest"},"sameAs":["https:\/\/www.facebook.com\/TempetedeLouest\/","http:\/\/www.pinterest.com\/tempetedelouest\/","https:\/\/x.com\/TempetedeLouest"]}]}},"_links":{"self":[{"href":"https:\/\/www.tempetedelouest.fr\/blog\/wp-json\/wp\/v2\/posts\/1181","targetHints":{"allow":["GET"]}}],"collection":[{"href":"https:\/\/www.tempetedelouest.fr\/blog\/wp-json\/wp\/v2\/posts"}],"about":[{"href":"https:\/\/www.tempetedelouest.fr\/blog\/wp-json\/wp\/v2\/types\/post"}],"author":[{"embeddable":true,"href":"https:\/\/www.tempetedelouest.fr\/blog\/wp-json\/wp\/v2\/users\/1"}],"replies":[{"embeddable":true,"href":"https:\/\/www.tempetedelouest.fr\/blog\/wp-json\/wp\/v2\/comments?post=1181"}],"version-history":[{"count":0,"href":"https:\/\/www.tempetedelouest.fr\/blog\/wp-json\/wp\/v2\/posts\/1181\/revisions"}],"wp:featuredmedia":[{"embeddable":true,"href":"https:\/\/www.tempetedelouest.fr\/blog\/wp-json\/wp\/v2\/media\/1183"}],"wp:attachment":[{"href":"https:\/\/www.tempetedelouest.fr\/blog\/wp-json\/wp\/v2\/media?parent=1181"}],"wp:term":[{"taxonomy":"category","embeddable":true,"href":"https:\/\/www.tempetedelouest.fr\/blog\/wp-json\/wp\/v2\/categories?post=1181"},{"taxonomy":"post_tag","embeddable":true,"href":"https:\/\/www.tempetedelouest.fr\/blog\/wp-json\/wp\/v2\/tags?post=1181"}],"curies":[{"name":"wp","href":"https:\/\/api.w.org\/{rel}","templated":true}]}}