{"id":1174,"date":"2015-01-22T15:00:22","date_gmt":"2015-01-22T14:00:22","guid":{"rendered":"https:\/\/www.tempetedelouest.fr\/blog\/?p=1174"},"modified":"2015-04-24T14:02:50","modified_gmt":"2015-04-24T13:02:50","slug":"dlc-vs-dluo","status":"publish","type":"post","link":"https:\/\/www.tempetedelouest.fr\/blog\/dlc-vs-dluo\/","title":{"rendered":"DLC vs DLUO : les dates de consommation sont-elles p\u00e9rim\u00e9es ?"},"content":{"rendered":"<p><center><strong>Notez cet article:<\/strong> <span id=\"post-ratings-1174\" class=\"post-ratings\" data-nonce=\"27196e9e4c\"><span class=\"review hreview-aggregate\"><span class=\"rating\"><img decoding=\"async\" id=\"rating_1174_1\" src=\"https:\/\/www.tempetedelouest.fr\/blog\/wp-content\/plugins\/wp-postratings\/images\/stars_crystal\/rating_on.gif\" alt=\"1 \u00e9toile\" title=\"1 \u00e9toile\" onmouseover=\"current_rating(1174, 1, '1 \u00e9toile');\" onmouseout=\"ratings_off(3, 0, 0);\" onclick=\"rate_post();\" onkeypress=\"rate_post();\" style=\"cursor: pointer; border: 0px;\" \/><img decoding=\"async\" id=\"rating_1174_2\" src=\"https:\/\/www.tempetedelouest.fr\/blog\/wp-content\/plugins\/wp-postratings\/images\/stars_crystal\/rating_on.gif\" alt=\"2 \u00e9toiles\" title=\"2 \u00e9toiles\" onmouseover=\"current_rating(1174, 2, '2 \u00e9toiles');\" onmouseout=\"ratings_off(3, 0, 0);\" onclick=\"rate_post();\" onkeypress=\"rate_post();\" style=\"cursor: pointer; border: 0px;\" \/><img decoding=\"async\" id=\"rating_1174_3\" src=\"https:\/\/www.tempetedelouest.fr\/blog\/wp-content\/plugins\/wp-postratings\/images\/stars_crystal\/rating_on.gif\" alt=\"3 \u00e9toiles\" title=\"3 \u00e9toiles\" onmouseover=\"current_rating(1174, 3, '3 \u00e9toiles');\" onmouseout=\"ratings_off(3, 0, 0);\" onclick=\"rate_post();\" onkeypress=\"rate_post();\" style=\"cursor: pointer; border: 0px;\" \/><img decoding=\"async\" id=\"rating_1174_4\" src=\"https:\/\/www.tempetedelouest.fr\/blog\/wp-content\/plugins\/wp-postratings\/images\/stars_crystal\/rating_off.gif\" alt=\"4 \u00e9toiles\" title=\"4 \u00e9toiles\" onmouseover=\"current_rating(1174, 4, '4 \u00e9toiles');\" onmouseout=\"ratings_off(3, 0, 0);\" onclick=\"rate_post();\" onkeypress=\"rate_post();\" style=\"cursor: pointer; border: 0px;\" \/><img decoding=\"async\" id=\"rating_1174_5\" src=\"https:\/\/www.tempetedelouest.fr\/blog\/wp-content\/plugins\/wp-postratings\/images\/stars_crystal\/rating_off.gif\" alt=\"5 \u00e9toiles\" title=\"5 \u00e9toiles\" onmouseover=\"current_rating(1174, 5, '5 \u00e9toiles');\" onmouseout=\"ratings_off(3, 0, 0);\" onclick=\"rate_post();\" onkeypress=\"rate_post();\" style=\"cursor: pointer; border: 0px;\" \/> <span class=\"count\">2<\/span>  votes | moyenne: <span class=\"average\">3,00<\/span>  sur 5 <span class=\"post-ratings-text\" id=\"ratings_1174_text\"><\/span>\r\n<\/span><\/span><\/span><span id=\"post-ratings-1174-loading\" class=\"post-ratings-loading\"><img loading=\"lazy\" decoding=\"async\" src=\"https:\/\/www.tempetedelouest.fr\/blog\/wp-content\/plugins\/wp-postratings\/images\/loading.gif\" width=\"16\" height=\"16\" class=\"post-ratings-image\" \/>Loading...<\/span><\/center><\/p>\n<p><a href=\"https:\/\/www.tempetedelouest.fr\/blog\/wp-content\/uploads\/2015\/01\/dluo-dlc.jpg\"><img loading=\"lazy\" decoding=\"async\" class=\"alignright size-full wp-image-1277\" src=\"https:\/\/www.tempetedelouest.fr\/blog\/wp-content\/uploads\/2015\/01\/dluo-dlc.jpg\" alt=\"dluo-dlc\" width=\"302\" height=\"280\" \/><\/a><\/p>\n<p style=\"text-align: justify;\">Le mardi 18\u00a0novembre, un <a title=\"reportage france 5 \" href=\"http:\/\/www.france5.fr\/emissions\/le-monde-en-face\/les-dates-de-peremption-sont-elles-perimees_276115\">reportage sur France 5<\/a> nous pr\u00e9sentait les \u00ab\u00a0secrets\u00a0\u00bb des dates de p\u00e9remption, en l\u2019occurrence la subtilit\u00e9 entre la DLC et la DLUO\u00a0(2 types de dates appos\u00e9es sur les denr\u00e9es alimentaires) et les petits tours de passe-passe de certains industriels dans le choix de ces fameuses dates.<\/p>\n<p>&nbsp;<\/p>\n<p style=\"text-align: justify;\">On parle de plus en plus de ces dates derni\u00e8rement \u00e0 la t\u00e9l\u00e9 (de nombreux documentaires tr\u00e8s int\u00e9ressants et utiles sont pr\u00e9sents maintenant sur France 5, pr\u00e9sent\u00e9es r\u00e9guli\u00e8rement par l&rsquo;excellente <a title=\"https:\/\/twitter.com\/valdurier\" href=\"https:\/\/twitter.com\/valdurier\" target=\"_blank\">Val\u00e9rie Durier<\/a>), mais encore bon nombre de personnes ignorent malheureusement que, dans certains cas, il ne faut pas n\u00e9cessairement jeter et donc g\u00e2cher certains produits sous pr\u00e9texte que la date est d\u00e9pass\u00e9e ! D&rsquo;ailleurs, en tant que marchands de produits d&rsquo;\u00e9picerie fine, il n&rsquo;est pas rare d&rsquo;avoir des clients qui nous demandent les dates\u00a0de\u00a0nos produits avant d&rsquo;acheter\u00a0et qui nous confient leurs craintes concernant ces dates. Et pourtant, il y a de nombreux produits o\u00f9 l&rsquo;on peut ais\u00e9ment d\u00e9passer la date de plusieurs mois et m\u00eame plusieurs ann\u00e9es sans aucun crainte !<\/p>\n<p>&nbsp;<\/p>\n<h2>DLC \/ DLUO : signification, diff\u00e9rences &amp; conseils conso<\/h2>\n<p style=\"text-align: justify;\"><a href=\"https:\/\/www.tempetedelouest.fr\/blog\/wp-content\/uploads\/2015\/01\/dlc.jpg\"><img loading=\"lazy\" decoding=\"async\" class=\"alignleft  wp-image-1266\" src=\"https:\/\/www.tempetedelouest.fr\/blog\/wp-content\/uploads\/2015\/01\/dlc.jpg\" alt=\"dlc\" width=\"268\" height=\"127\" \/><\/a>Quand on fait ses courses (sur Internet, au march\u00e9, en grande surface), on est susceptible\u00a0de trouver des produits b\u00e9n\u00e9ficiant d&rsquo;une DLC <strong>\u00ab\u00a0Date Limite de Consommation\u00a0\u00bb<\/strong>\u00a0:\u00a0ce sont les denr\u00e9es p\u00e9rissables que vous <strong>devez conserver au frais<\/strong>. Cette information est inscrite sur l&#8217;emballage du produit que l&rsquo;on trouve souvent avec la formule <strong>\u00ab\u00a0A consommer jusqu&rsquo;au\u00a0\u00bb<\/strong>.<\/p>\n<p>Pourquoi une DLC ? Simplement car apr\u00e8s cette date, le produit peut pr\u00e9senter un \u00e9ventuel danger pour votre sant\u00e9. Exemples : viande en barquette, la charcuterie, le jus de fruit frais, desserts lact\u00e9s, etc.<em> (et encore sur ce dernier point, notamment les yaourts, il semblerait &#8211; pour le faire personnellement d&rsquo;ailleurs &#8211; que l&rsquo;on puisse ais\u00e9ment d\u00e9passer la date et les consommer encore apr\u00e8s)<\/em><\/p>\n<p>&nbsp;<\/p>\n<p style=\"text-align: justify;\">A contrario, d&rsquo;autres\u00a0denr\u00e9es alimentaires comportent une mention diff\u00e9rente, la DLUO :<strong> Date Limite d&rsquo;Utilisation Optimale<\/strong>. Une information obligatoire que l&rsquo;on trouve \u00e9galement sur l&#8217;emballage de vos produits avec la formule <strong>\u00ab\u00a0A consommer de pr\u00e9f\u00e9rence avant le&#8230;\u00a0\u00bb<\/strong>. Cette date concerne notamment les produits secs, hors rayon frais.<\/p>\n<p>&nbsp;<\/p>\n<p style=\"text-align: justify;\">Mais alors je risque quoi si je consomme un produit dont la date DLUO est d\u00e9pass\u00e9e ? Et bien rassurez-vous car vous<strong> pouvez le consommer sans danger pour la sant\u00e9<\/strong>. Celui-ci peut \u00eatre encore consomm\u00e9 et commercialis\u00e9.<\/p>\n<p>&nbsp;<\/p>\n<p style=\"text-align: justify;\">En France, plus de 10 millions de tonnes\u00a0de d\u00e9chets alimentaires sont produits dans nos foyers, par les industriels et dans le secteur de la restauration dont<strong> 1,2 millions de tonnes de nourriture encore consommable<\/strong>\u00a0<em>(source :\u00a0infographie du Minist\u00e8re de l&rsquo;Agriculture, de l&rsquo;Agroalimentaire et de la For\u00eat)\u00a0<\/em>! Un triste g\u00e2chis quand on pense aux nombreuses associations qui peinent \u00e0 fournir des repas aux personnes en difficult\u00e9 financi\u00e8re. Il est donc important que tous les maillons de la cha\u00eene (des foyers, aux petits producteurs jusqu&rsquo;aux industriels) r\u00e9fl\u00e9chissent \u00e0 la mani\u00e8re\u00a0r\u00e9duire au maximum leurs d\u00e9chets alimentaires. Et\u00a0le secteur en vogue\u00a0des destockeurs alimentaires fait d&rsquo;ailleurs un carton dans les grandes villes gr\u00e2ce \u00e0 leur concept de vendre \u00e0 bas prix des produits \u00e0 DLUO d\u00e9pass\u00e9e.<\/p>\n<p>&nbsp;<\/p>\n<figure id=\"attachment_1264\" aria-describedby=\"caption-attachment-1264\" style=\"width: 782px\" class=\"wp-caption aligncenter\"><a href=\"https:\/\/www.tempetedelouest.fr\/blog\/wp-content\/uploads\/2015\/01\/infographie-gaspillage-alimentaire.png\"><img loading=\"lazy\" decoding=\"async\" class=\" wp-image-1264\" src=\"https:\/\/www.tempetedelouest.fr\/blog\/wp-content\/uploads\/2015\/01\/infographie-gaspillage-alimentaire.png\" alt=\"une infographie fran\u00e7aise sur le gaspillage alimentaire\" width=\"782\" height=\"636\" srcset=\"https:\/\/www.tempetedelouest.fr\/blog\/wp-content\/uploads\/2015\/01\/infographie-gaspillage-alimentaire.png 1106w, https:\/\/www.tempetedelouest.fr\/blog\/wp-content\/uploads\/2015\/01\/infographie-gaspillage-alimentaire-300x244.png 300w, https:\/\/www.tempetedelouest.fr\/blog\/wp-content\/uploads\/2015\/01\/infographie-gaspillage-alimentaire-1024x833.png 1024w\" sizes=\"auto, (max-width: 782px) 100vw, 782px\" \/><\/a><figcaption id=\"caption-attachment-1264\" class=\"wp-caption-text\">une infographie fran\u00e7aise sur le gaspillage alimentaire<\/figcaption><\/figure>\n<p>&nbsp;<\/p>\n<p style=\"text-align: justify;\">En tant que tr\u00e8s petite entreprise, on essaye \u00e9galement\u00a0\u00e0 notre niveau d&rsquo;\u00e9viter le plus possible la perte de marchandise : c&rsquo;est pour cela que nous avons mis en place un rayon de bonnes affaires avec uniquement des produits \u00e0 date courte qui sont parfaitement consommable. <strong>De quoi se r\u00e9galer \u00e0 petit prix<\/strong> \ud83d\ude09<\/p>\n<p><center><a style=\"background: #F39F12 !important; padding: 10px; font-size: 18px; color: #fff; margin-top: 30px; display: inline-block;\" href=\"https:\/\/www.tempetedelouest.fr\/01\/date-courte\/\" target=\"_blank\">\u25ba Notre rayon \u00ab\u00a0Date courte\u00a0\u00bb<\/a><\/center>&nbsp;<\/p>\n<p style=\"text-align: justify;\">Dans tous les cas, un bon \u00e9picier (en ligne ou non, grand ou petit) se doit de bien g\u00e9rer ses stocks ! Cela commence par une politique d&rsquo;achat intelligente et r\u00e9fl\u00e9chie en fonction des besoins de sa client\u00e8le. De notre cot\u00e9, nous tachons d&rsquo;adapter le stock en fonction de l&rsquo;ann\u00e9e, certaines p\u00e9riodes \u00e9tant plus importantes que d&rsquo;autres (No\u00ebl, P\u00e2ques, Chandeleur, etc.). Nous demandons \u00e0 nos fournisseurs d&rsquo;avoir la m\u00eame politique et de nous proposer des produits dont la date est la plus \u00e9loign\u00e9e possible. Un autre conseil consiste \u00e0 appliquer le <strong>FIFO<\/strong><em> (*Nostalgie* ca me rappelle mes cours de logistique durant mes \u00e9tudes&#8230;)<\/em> qui signifie \u00ab\u00a0First In, First Out\u00a0\u00bb ou en fran\u00e7ais \u00ab\u00a01er entr\u00e9, 1er sorti\u00a0\u00bb. C&rsquo;est tout b\u00eate mais il faut le syst\u00e9matiser et y penser !<\/p>\n<p style=\"text-align: justify;\">Et vous ? Quelles sont vos habitudes de consommation sur le sujet ? N&rsquo;h\u00e9sitez pas \u00e0 nous faire partager votre avis dans les commentaires.<\/p>\n<p>&nbsp;<\/p>\n<blockquote><p>Pour en savoir plus sur le gaspillage alimentaire :\u00a0<a title=\"gaspillage alimentaire\" href=\"http:\/\/alimentation.gouv.fr\/gaspillage-alimentaire-campagne\">http:\/\/alimentation.gouv.fr\/gaspillage-alimentaire-campagne<\/a><\/p>\n<p>Compteur en temps r\u00e9el du gaspillage alimentaire :\u00a0<a href=\"http:\/\/www.planetoscope.com\/fruits-legumes\/1257-le-gaspillage-alimentaire-en-france.html\" target=\"_blank\">http:\/\/www.planetoscope.com\/fruits-legumes\/1257-le-gaspillage-alimentaire-en-france.html<\/a><\/p><\/blockquote>\n","protected":false},"excerpt":{"rendered":"<p>Notez cet article: Le mardi 18\u00a0novembre, un reportage sur France 5 nous pr\u00e9sentait les \u00ab\u00a0secrets\u00a0\u00bb des dates de p\u00e9remption, en l\u2019occurrence la subtilit\u00e9 entre la DLC et la DLUO\u00a0(2 types de dates appos\u00e9es sur les denr\u00e9es alimentaires) et les petits tours de passe-passe de certains industriels dans le choix de ces fameuses dates. &nbsp; On [&#8230;]\n","protected":false},"author":1,"featured_media":1277,"comment_status":"open","ping_status":"open","sticky":false,"template":"","format":"standard","meta":{"footnotes":""},"categories":[1],"tags":[],"class_list":["post-1174","post","type-post","status-publish","format-standard","has-post-thumbnail","hentry","category-actualites"],"yoast_head":"<!-- This site is optimized with the Yoast SEO plugin v27.1.1 - https:\/\/yoast.com\/product\/yoast-seo-wordpress\/ -->\n<title>DLC vs DLUO : le choc des dates de consommation !<\/title>\n<meta name=\"description\" content=\"Consommer durablement et intelligemment commence par une bonne connaissance des dates. Connaissez-vous la diff\u00e9rence DLC\/DLUO ? Nos explications !\" \/>\n<meta name=\"robots\" content=\"index, follow, max-snippet:-1, max-image-preview:large, max-video-preview:-1\" \/>\n<link rel=\"canonical\" href=\"https:\/\/www.tempetedelouest.fr\/blog\/dlc-vs-dluo\/\" \/>\n<meta property=\"og:locale\" content=\"fr_FR\" \/>\n<meta property=\"og:type\" content=\"article\" \/>\n<meta property=\"og:title\" content=\"DLC vs DLUO : le choc des dates de consommation !\" \/>\n<meta property=\"og:description\" content=\"Consommer durablement et intelligemment commence par une bonne connaissance des dates. Connaissez-vous la diff\u00e9rence DLC\/DLUO ? Nos explications !\" \/>\n<meta property=\"og:url\" content=\"https:\/\/www.tempetedelouest.fr\/blog\/dlc-vs-dluo\/\" \/>\n<meta property=\"og:site_name\" content=\"Le blog de Temp\u00eate de l&#039;Ouest !\" \/>\n<meta property=\"article:publisher\" content=\"https:\/\/www.facebook.com\/TempetedeLouest\" \/>\n<meta property=\"article:author\" content=\"https:\/\/www.facebook.com\/TempetedeLouest\/\" \/>\n<meta property=\"article:published_time\" content=\"2015-01-22T14:00:22+00:00\" \/>\n<meta property=\"article:modified_time\" content=\"2015-04-24T13:02:50+00:00\" \/>\n<meta property=\"og:image\" content=\"https:\/\/www.tempetedelouest.fr\/blog\/wp-content\/uploads\/2015\/01\/dluo-dlc.jpg\" \/>\n\t<meta property=\"og:image:width\" content=\"402\" \/>\n\t<meta property=\"og:image:height\" content=\"396\" \/>\n\t<meta property=\"og:image:type\" content=\"image\/jpeg\" \/>\n<meta name=\"author\" content=\"Temp\u00eate de l&#039;Ouest\" \/>\n<meta name=\"twitter:card\" content=\"summary_large_image\" \/>\n<meta name=\"twitter:creator\" content=\"@TempetedeLouest\" \/>\n<meta name=\"twitter:site\" content=\"@tempetedelouest\" \/>\n<meta name=\"twitter:label1\" content=\"\u00c9crit par\" \/>\n\t<meta name=\"twitter:data1\" content=\"Temp\u00eate de l&#039;Ouest\" \/>\n\t<meta name=\"twitter:label2\" content=\"Dur\u00e9e de lecture estim\u00e9e\" \/>\n\t<meta name=\"twitter:data2\" content=\"4 minutes\" \/>\n<script type=\"application\/ld+json\" class=\"yoast-schema-graph\">{\"@context\":\"https:\/\/schema.org\",\"@graph\":[{\"@type\":\"Article\",\"@id\":\"https:\/\/www.tempetedelouest.fr\/blog\/dlc-vs-dluo\/#article\",\"isPartOf\":{\"@id\":\"https:\/\/www.tempetedelouest.fr\/blog\/dlc-vs-dluo\/\"},\"author\":{\"name\":\"Temp\u00eate de l'Ouest\",\"@id\":\"https:\/\/www.tempetedelouest.fr\/blog\/#\/schema\/person\/503e256587cb6a291c432298d10c8b4d\"},\"headline\":\"DLC vs DLUO : les dates de consommation sont-elles p\u00e9rim\u00e9es ?\",\"datePublished\":\"2015-01-22T14:00:22+00:00\",\"dateModified\":\"2015-04-24T13:02:50+00:00\",\"mainEntityOfPage\":{\"@id\":\"https:\/\/www.tempetedelouest.fr\/blog\/dlc-vs-dluo\/\"},\"wordCount\":859,\"commentCount\":2,\"image\":{\"@id\":\"https:\/\/www.tempetedelouest.fr\/blog\/dlc-vs-dluo\/#primaryimage\"},\"thumbnailUrl\":\"https:\/\/www.tempetedelouest.fr\/blog\/wp-content\/uploads\/2015\/01\/dluo-dlc.jpg\",\"articleSection\":[\"Actus\"],\"inLanguage\":\"fr-FR\",\"potentialAction\":[{\"@type\":\"CommentAction\",\"name\":\"Comment\",\"target\":[\"https:\/\/www.tempetedelouest.fr\/blog\/dlc-vs-dluo\/#respond\"]}]},{\"@type\":\"WebPage\",\"@id\":\"https:\/\/www.tempetedelouest.fr\/blog\/dlc-vs-dluo\/\",\"url\":\"https:\/\/www.tempetedelouest.fr\/blog\/dlc-vs-dluo\/\",\"name\":\"DLC vs DLUO : le choc des dates de consommation !\",\"isPartOf\":{\"@id\":\"https:\/\/www.tempetedelouest.fr\/blog\/#website\"},\"primaryImageOfPage\":{\"@id\":\"https:\/\/www.tempetedelouest.fr\/blog\/dlc-vs-dluo\/#primaryimage\"},\"image\":{\"@id\":\"https:\/\/www.tempetedelouest.fr\/blog\/dlc-vs-dluo\/#primaryimage\"},\"thumbnailUrl\":\"https:\/\/www.tempetedelouest.fr\/blog\/wp-content\/uploads\/2015\/01\/dluo-dlc.jpg\",\"datePublished\":\"2015-01-22T14:00:22+00:00\",\"dateModified\":\"2015-04-24T13:02:50+00:00\",\"author\":{\"@id\":\"https:\/\/www.tempetedelouest.fr\/blog\/#\/schema\/person\/503e256587cb6a291c432298d10c8b4d\"},\"description\":\"Consommer durablement et intelligemment commence par une bonne connaissance des dates. Connaissez-vous la diff\u00e9rence DLC\/DLUO ? Nos explications !\",\"breadcrumb\":{\"@id\":\"https:\/\/www.tempetedelouest.fr\/blog\/dlc-vs-dluo\/#breadcrumb\"},\"inLanguage\":\"fr-FR\",\"potentialAction\":[{\"@type\":\"ReadAction\",\"target\":[\"https:\/\/www.tempetedelouest.fr\/blog\/dlc-vs-dluo\/\"]}]},{\"@type\":\"ImageObject\",\"inLanguage\":\"fr-FR\",\"@id\":\"https:\/\/www.tempetedelouest.fr\/blog\/dlc-vs-dluo\/#primaryimage\",\"url\":\"https:\/\/www.tempetedelouest.fr\/blog\/wp-content\/uploads\/2015\/01\/dluo-dlc.jpg\",\"contentUrl\":\"https:\/\/www.tempetedelouest.fr\/blog\/wp-content\/uploads\/2015\/01\/dluo-dlc.jpg\",\"width\":402,\"height\":396},{\"@type\":\"BreadcrumbList\",\"@id\":\"https:\/\/www.tempetedelouest.fr\/blog\/dlc-vs-dluo\/#breadcrumb\",\"itemListElement\":[{\"@type\":\"ListItem\",\"position\":1,\"name\":\"Accueil\",\"item\":\"https:\/\/www.tempetedelouest.fr\/blog\/\"},{\"@type\":\"ListItem\",\"position\":2,\"name\":\"Actus\",\"item\":\"https:\/\/www.tempetedelouest.fr\/blog\/actualites\/\"},{\"@type\":\"ListItem\",\"position\":3,\"name\":\"DLC vs DLUO : les dates de consommation sont-elles p\u00e9rim\u00e9es ?\"}]},{\"@type\":\"WebSite\",\"@id\":\"https:\/\/www.tempetedelouest.fr\/blog\/#website\",\"url\":\"https:\/\/www.tempetedelouest.fr\/blog\/\",\"name\":\"Le blog de Temp\u00eate de l'Ouest !\",\"description\":\"Un raz de mar\u00e9e d&#039;infos sur la gastronomie bretonne\",\"potentialAction\":[{\"@type\":\"SearchAction\",\"target\":{\"@type\":\"EntryPoint\",\"urlTemplate\":\"https:\/\/www.tempetedelouest.fr\/blog\/?s={search_term_string}\"},\"query-input\":{\"@type\":\"PropertyValueSpecification\",\"valueRequired\":true,\"valueName\":\"search_term_string\"}}],\"inLanguage\":\"fr-FR\"},{\"@type\":\"Person\",\"@id\":\"https:\/\/www.tempetedelouest.fr\/blog\/#\/schema\/person\/503e256587cb6a291c432298d10c8b4d\",\"name\":\"Temp\u00eate de l'Ouest\",\"image\":{\"@type\":\"ImageObject\",\"inLanguage\":\"fr-FR\",\"@id\":\"https:\/\/www.tempetedelouest.fr\/blog\/#\/schema\/person\/image\/\",\"url\":\"https:\/\/secure.gravatar.com\/avatar\/78a8fb5799099ec83ef58895aa2111b9001a891ad5105c35ac6b9ca811f91996?s=96&d=mm&r=g\",\"contentUrl\":\"https:\/\/secure.gravatar.com\/avatar\/78a8fb5799099ec83ef58895aa2111b9001a891ad5105c35ac6b9ca811f91996?s=96&d=mm&r=g\",\"caption\":\"Temp\u00eate de l'Ouest\"},\"sameAs\":[\"https:\/\/www.facebook.com\/TempetedeLouest\/\",\"http:\/\/www.pinterest.com\/tempetedelouest\/\",\"https:\/\/x.com\/TempetedeLouest\"]}]}<\/script>\n<!-- \/ Yoast SEO plugin. -->","yoast_head_json":{"title":"DLC vs DLUO : le choc des dates de consommation !","description":"Consommer durablement et intelligemment commence par une bonne connaissance des dates. Connaissez-vous la diff\u00e9rence DLC\/DLUO ? Nos explications !","robots":{"index":"index","follow":"follow","max-snippet":"max-snippet:-1","max-image-preview":"max-image-preview:large","max-video-preview":"max-video-preview:-1"},"canonical":"https:\/\/www.tempetedelouest.fr\/blog\/dlc-vs-dluo\/","og_locale":"fr_FR","og_type":"article","og_title":"DLC vs DLUO : le choc des dates de consommation !","og_description":"Consommer durablement et intelligemment commence par une bonne connaissance des dates. Connaissez-vous la diff\u00e9rence DLC\/DLUO ? Nos explications !","og_url":"https:\/\/www.tempetedelouest.fr\/blog\/dlc-vs-dluo\/","og_site_name":"Le blog de Temp\u00eate de l&#039;Ouest !","article_publisher":"https:\/\/www.facebook.com\/TempetedeLouest","article_author":"https:\/\/www.facebook.com\/TempetedeLouest\/","article_published_time":"2015-01-22T14:00:22+00:00","article_modified_time":"2015-04-24T13:02:50+00:00","og_image":[{"width":402,"height":396,"url":"https:\/\/www.tempetedelouest.fr\/blog\/wp-content\/uploads\/2015\/01\/dluo-dlc.jpg","type":"image\/jpeg"}],"author":"Temp\u00eate de l'Ouest","twitter_card":"summary_large_image","twitter_creator":"@TempetedeLouest","twitter_site":"@tempetedelouest","twitter_misc":{"\u00c9crit par":"Temp\u00eate de l'Ouest","Dur\u00e9e de lecture estim\u00e9e":"4 minutes"},"schema":{"@context":"https:\/\/schema.org","@graph":[{"@type":"Article","@id":"https:\/\/www.tempetedelouest.fr\/blog\/dlc-vs-dluo\/#article","isPartOf":{"@id":"https:\/\/www.tempetedelouest.fr\/blog\/dlc-vs-dluo\/"},"author":{"name":"Temp\u00eate de l'Ouest","@id":"https:\/\/www.tempetedelouest.fr\/blog\/#\/schema\/person\/503e256587cb6a291c432298d10c8b4d"},"headline":"DLC vs DLUO : les dates de consommation sont-elles p\u00e9rim\u00e9es ?","datePublished":"2015-01-22T14:00:22+00:00","dateModified":"2015-04-24T13:02:50+00:00","mainEntityOfPage":{"@id":"https:\/\/www.tempetedelouest.fr\/blog\/dlc-vs-dluo\/"},"wordCount":859,"commentCount":2,"image":{"@id":"https:\/\/www.tempetedelouest.fr\/blog\/dlc-vs-dluo\/#primaryimage"},"thumbnailUrl":"https:\/\/www.tempetedelouest.fr\/blog\/wp-content\/uploads\/2015\/01\/dluo-dlc.jpg","articleSection":["Actus"],"inLanguage":"fr-FR","potentialAction":[{"@type":"CommentAction","name":"Comment","target":["https:\/\/www.tempetedelouest.fr\/blog\/dlc-vs-dluo\/#respond"]}]},{"@type":"WebPage","@id":"https:\/\/www.tempetedelouest.fr\/blog\/dlc-vs-dluo\/","url":"https:\/\/www.tempetedelouest.fr\/blog\/dlc-vs-dluo\/","name":"DLC vs DLUO : le choc des dates de consommation !","isPartOf":{"@id":"https:\/\/www.tempetedelouest.fr\/blog\/#website"},"primaryImageOfPage":{"@id":"https:\/\/www.tempetedelouest.fr\/blog\/dlc-vs-dluo\/#primaryimage"},"image":{"@id":"https:\/\/www.tempetedelouest.fr\/blog\/dlc-vs-dluo\/#primaryimage"},"thumbnailUrl":"https:\/\/www.tempetedelouest.fr\/blog\/wp-content\/uploads\/2015\/01\/dluo-dlc.jpg","datePublished":"2015-01-22T14:00:22+00:00","dateModified":"2015-04-24T13:02:50+00:00","author":{"@id":"https:\/\/www.tempetedelouest.fr\/blog\/#\/schema\/person\/503e256587cb6a291c432298d10c8b4d"},"description":"Consommer durablement et intelligemment commence par une bonne connaissance des dates. Connaissez-vous la diff\u00e9rence DLC\/DLUO ? Nos explications !","breadcrumb":{"@id":"https:\/\/www.tempetedelouest.fr\/blog\/dlc-vs-dluo\/#breadcrumb"},"inLanguage":"fr-FR","potentialAction":[{"@type":"ReadAction","target":["https:\/\/www.tempetedelouest.fr\/blog\/dlc-vs-dluo\/"]}]},{"@type":"ImageObject","inLanguage":"fr-FR","@id":"https:\/\/www.tempetedelouest.fr\/blog\/dlc-vs-dluo\/#primaryimage","url":"https:\/\/www.tempetedelouest.fr\/blog\/wp-content\/uploads\/2015\/01\/dluo-dlc.jpg","contentUrl":"https:\/\/www.tempetedelouest.fr\/blog\/wp-content\/uploads\/2015\/01\/dluo-dlc.jpg","width":402,"height":396},{"@type":"BreadcrumbList","@id":"https:\/\/www.tempetedelouest.fr\/blog\/dlc-vs-dluo\/#breadcrumb","itemListElement":[{"@type":"ListItem","position":1,"name":"Accueil","item":"https:\/\/www.tempetedelouest.fr\/blog\/"},{"@type":"ListItem","position":2,"name":"Actus","item":"https:\/\/www.tempetedelouest.fr\/blog\/actualites\/"},{"@type":"ListItem","position":3,"name":"DLC vs DLUO : les dates de consommation sont-elles p\u00e9rim\u00e9es ?"}]},{"@type":"WebSite","@id":"https:\/\/www.tempetedelouest.fr\/blog\/#website","url":"https:\/\/www.tempetedelouest.fr\/blog\/","name":"Le blog de Temp\u00eate de l'Ouest !","description":"Un raz de mar\u00e9e d&#039;infos sur la gastronomie bretonne","potentialAction":[{"@type":"SearchAction","target":{"@type":"EntryPoint","urlTemplate":"https:\/\/www.tempetedelouest.fr\/blog\/?s={search_term_string}"},"query-input":{"@type":"PropertyValueSpecification","valueRequired":true,"valueName":"search_term_string"}}],"inLanguage":"fr-FR"},{"@type":"Person","@id":"https:\/\/www.tempetedelouest.fr\/blog\/#\/schema\/person\/503e256587cb6a291c432298d10c8b4d","name":"Temp\u00eate de l'Ouest","image":{"@type":"ImageObject","inLanguage":"fr-FR","@id":"https:\/\/www.tempetedelouest.fr\/blog\/#\/schema\/person\/image\/","url":"https:\/\/secure.gravatar.com\/avatar\/78a8fb5799099ec83ef58895aa2111b9001a891ad5105c35ac6b9ca811f91996?s=96&d=mm&r=g","contentUrl":"https:\/\/secure.gravatar.com\/avatar\/78a8fb5799099ec83ef58895aa2111b9001a891ad5105c35ac6b9ca811f91996?s=96&d=mm&r=g","caption":"Temp\u00eate de l'Ouest"},"sameAs":["https:\/\/www.facebook.com\/TempetedeLouest\/","http:\/\/www.pinterest.com\/tempetedelouest\/","https:\/\/x.com\/TempetedeLouest"]}]}},"_links":{"self":[{"href":"https:\/\/www.tempetedelouest.fr\/blog\/wp-json\/wp\/v2\/posts\/1174","targetHints":{"allow":["GET"]}}],"collection":[{"href":"https:\/\/www.tempetedelouest.fr\/blog\/wp-json\/wp\/v2\/posts"}],"about":[{"href":"https:\/\/www.tempetedelouest.fr\/blog\/wp-json\/wp\/v2\/types\/post"}],"author":[{"embeddable":true,"href":"https:\/\/www.tempetedelouest.fr\/blog\/wp-json\/wp\/v2\/users\/1"}],"replies":[{"embeddable":true,"href":"https:\/\/www.tempetedelouest.fr\/blog\/wp-json\/wp\/v2\/comments?post=1174"}],"version-history":[{"count":0,"href":"https:\/\/www.tempetedelouest.fr\/blog\/wp-json\/wp\/v2\/posts\/1174\/revisions"}],"wp:featuredmedia":[{"embeddable":true,"href":"https:\/\/www.tempetedelouest.fr\/blog\/wp-json\/wp\/v2\/media\/1277"}],"wp:attachment":[{"href":"https:\/\/www.tempetedelouest.fr\/blog\/wp-json\/wp\/v2\/media?parent=1174"}],"wp:term":[{"taxonomy":"category","embeddable":true,"href":"https:\/\/www.tempetedelouest.fr\/blog\/wp-json\/wp\/v2\/categories?post=1174"},{"taxonomy":"post_tag","embeddable":true,"href":"https:\/\/www.tempetedelouest.fr\/blog\/wp-json\/wp\/v2\/tags?post=1174"}],"curies":[{"name":"wp","href":"https:\/\/api.w.org\/{rel}","templated":true}]}}